{"id":7935,"date":"2025-12-21T09:57:07","date_gmt":"2025-12-21T08:57:07","guid":{"rendered":"https:\/\/www.coemmo.com\/tendances-du-packaging-e-commerce-durabilite-et-personnalisation\/"},"modified":"2026-03-05T11:31:43","modified_gmt":"2026-03-05T10:31:43","slug":"tendances-du-packaging-e-commerce-durabilite-et-personnalisation","status":"publish","type":"post","link":"https:\/\/www.coemmo.com\/fr\/tendances-du-packaging-e-commerce-durabilite-et-personnalisation\/","title":{"rendered":"Tendances du packaging e-commerce : durabilit\u00e9 et personnalisation"},"content":{"rendered":"<p>La croissance du commerce \u00e9lectronique transforme la conception des emballages. Les entreprises recherchent des solutions plus l\u00e9g\u00e8res, r\u00e9sistantes et durables qui prot\u00e8gent le produit pendant le transport tout en am\u00e9liorant l\u2019exp\u00e9rience de livraison.<\/p>\n<p>La r\u00e9duction du poids, l\u2019utilisation de mat\u00e9riaux recyclables et l\u2019optimisation du volume permettent de diminuer les co\u00fbts logistiques et l\u2019impact environnemental. Parall\u00e8lement, la personnalisation du packaging renforce l\u2019image de marque.<\/p>\n<p>Chez COEMMO, nous sommes \u00e0 votre disposition pour d\u00e9velopper les emballages les plus adapt\u00e9s \u00e0 votre produit, en cr\u00e9ant des solutions sur mesure qui allient protection, durabilit\u00e9 et pr\u00e9sentation professionnelle.<\/p>\n<ul>\n<li>Mat\u00e9riaux l\u00e9gers et recyclables<\/li>\n<li>Optimisation de l\u2019espace d\u2019exp\u00e9dition<\/li>\n<li>Protection adapt\u00e9e \u00e0 chaque produit<\/li>\n<li>Packaging personnalis\u00e9<\/li>\n<\/ul>\n","protected":false},"excerpt":{"rendered":"<p>La croissance du commerce \u00e9lectronique transforme la conception des emballages. Les entreprises recherchent des solutions plus l\u00e9g\u00e8res, r\u00e9sistantes et durables qui prot\u00e8gent le produit pendant le transport tout en am\u00e9liorant l\u2019exp\u00e9rience de livraison. La r\u00e9duction du poids, l\u2019utilisation de mat\u00e9riaux recyclables et l\u2019optimisation du volume permettent de diminuer les co\u00fbts logistiques et l\u2019impact environnemental. Parall\u00e8lement,&hellip;&nbsp;<\/p>\n","protected":false},"author":1,"featured_media":7936,"comment_status":"closed","ping_status":"closed","sticky":false,"template":"","format":"standard","meta":{"_acf_changed":false,"neve_meta_sidebar":"","neve_meta_container":"","neve_meta_enable_content_width":"off","neve_meta_content_width":70,"neve_meta_title_alignment":"","neve_meta_author_avatar":"","neve_post_elements_order":"","neve_meta_disable_header":"","neve_meta_disable_footer":"","neve_meta_disable_title":"","footnotes":""},"categories":[],"tags":[],"class_list":["post-7935","post","type-post","status-publish","format-standard","has-post-thumbnail","hentry"],"acf":[],"yoast_head":"<!-- This site is optimized with the Yoast SEO plugin v27.4 - https:\/\/yoast.com\/product\/yoast-seo-wordpress\/ -->\n<title>Tendances du packaging e-commerce : durabilit\u00e9 et personnalisation | COEMMO<\/title>\n<meta name=\"description\" content=\"La croissance du commerce \u00e9lectronique transforme la conception des emballages. Les entreprises recherchent solutions l\u00e9g\u00e8res et r\u00e9sistantes.\" \/>\n<meta name=\"robots\" content=\"index, follow, max-snippet:-1, max-image-preview:large, max-video-preview:-1\" \/>\n<link rel=\"canonical\" href=\"https:\/\/www.coemmo.com\/fr\/tendances-du-packaging-e-commerce-durabilite-et-personnalisation\/\" \/>\n<meta property=\"og:locale\" content=\"fr_FR\" \/>\n<meta property=\"og:type\" content=\"article\" \/>\n<meta property=\"og:title\" content=\"Tendances du packaging e-commerce : durabilit\u00e9 et personnalisation | COEMMO\" \/>\n<meta property=\"og:description\" content=\"La croissance du commerce \u00e9lectronique transforme la conception des emballages. Les entreprises recherchent solutions l\u00e9g\u00e8res et r\u00e9sistantes.\" \/>\n<meta property=\"og:url\" content=\"https:\/\/www.coemmo.com\/fr\/tendances-du-packaging-e-commerce-durabilite-et-personnalisation\/\" \/>\n<meta property=\"og:site_name\" content=\"COEMMO\" \/>\n<meta property=\"article:published_time\" content=\"2025-12-21T08:57:07+00:00\" \/>\n<meta property=\"article:modified_time\" content=\"2026-03-05T10:31:43+00:00\" \/>\n<meta property=\"og:image\" content=\"https:\/\/www.coemmo.com\/wp-content\/uploads\/2026\/02\/tendencias-packaging-e-commerce.jpg\" \/>\n\t<meta property=\"og:image:width\" content=\"1500\" \/>\n\t<meta property=\"og:image:height\" content=\"1000\" \/>\n\t<meta property=\"og:image:type\" content=\"image\/jpeg\" \/>\n<meta name=\"author\" content=\"Comunicaci\u00f3 Integral Neorg\" \/>\n<meta name=\"twitter:card\" content=\"summary_large_image\" \/>\n<meta name=\"twitter:label1\" content=\"\u00c9crit par\" \/>\n\t<meta name=\"twitter:data1\" content=\"Comunicaci\u00f3 Integral Neorg\" \/>\n\t<meta name=\"twitter:label2\" content=\"Dur\u00e9e de lecture estim\u00e9e\" \/>\n\t<meta name=\"twitter:data2\" content=\"1 minute\" \/>\n<script type=\"application\/ld+json\" class=\"yoast-schema-graph\">{\"@context\":\"https:\\\/\\\/schema.org\",\"@graph\":[{\"@type\":\"Article\",\"@id\":\"https:\\\/\\\/www.coemmo.com\\\/fr\\\/tendances-du-packaging-e-commerce-durabilite-et-personnalisation\\\/#article\",\"isPartOf\":{\"@id\":\"https:\\\/\\\/www.coemmo.com\\\/fr\\\/tendances-du-packaging-e-commerce-durabilite-et-personnalisation\\\/\"},\"author\":{\"name\":\"Comunicaci\u00f3 Integral Neorg\",\"@id\":\"https:\\\/\\\/www.coemmo.com\\\/fr\\\/#\\\/schema\\\/person\\\/704009a1f2a34e672c7699c09c1f7762\"},\"headline\":\"Tendances du packaging e-commerce : durabilit\u00e9 et personnalisation\",\"datePublished\":\"2025-12-21T08:57:07+00:00\",\"dateModified\":\"2026-03-05T10:31:43+00:00\",\"mainEntityOfPage\":{\"@id\":\"https:\\\/\\\/www.coemmo.com\\\/fr\\\/tendances-du-packaging-e-commerce-durabilite-et-personnalisation\\\/\"},\"wordCount\":137,\"publisher\":{\"@id\":\"https:\\\/\\\/www.coemmo.com\\\/fr\\\/#organization\"},\"image\":{\"@id\":\"https:\\\/\\\/www.coemmo.com\\\/fr\\\/tendances-du-packaging-e-commerce-durabilite-et-personnalisation\\\/#primaryimage\"},\"thumbnailUrl\":\"https:\\\/\\\/www.coemmo.com\\\/wp-content\\\/uploads\\\/2026\\\/02\\\/tendencias-packaging-e-commerce.jpg\",\"inLanguage\":\"fr-FR\"},{\"@type\":\"WebPage\",\"@id\":\"https:\\\/\\\/www.coemmo.com\\\/fr\\\/tendances-du-packaging-e-commerce-durabilite-et-personnalisation\\\/\",\"url\":\"https:\\\/\\\/www.coemmo.com\\\/fr\\\/tendances-du-packaging-e-commerce-durabilite-et-personnalisation\\\/\",\"name\":\"Tendances du packaging e-commerce : durabilit\u00e9 et personnalisation | COEMMO\",\"isPartOf\":{\"@id\":\"https:\\\/\\\/www.coemmo.com\\\/fr\\\/#website\"},\"primaryImageOfPage\":{\"@id\":\"https:\\\/\\\/www.coemmo.com\\\/fr\\\/tendances-du-packaging-e-commerce-durabilite-et-personnalisation\\\/#primaryimage\"},\"image\":{\"@id\":\"https:\\\/\\\/www.coemmo.com\\\/fr\\\/tendances-du-packaging-e-commerce-durabilite-et-personnalisation\\\/#primaryimage\"},\"thumbnailUrl\":\"https:\\\/\\\/www.coemmo.com\\\/wp-content\\\/uploads\\\/2026\\\/02\\\/tendencias-packaging-e-commerce.jpg\",\"datePublished\":\"2025-12-21T08:57:07+00:00\",\"dateModified\":\"2026-03-05T10:31:43+00:00\",\"description\":\"La croissance du commerce \u00e9lectronique transforme la conception des emballages. Les entreprises recherchent solutions l\u00e9g\u00e8res et r\u00e9sistantes.\",\"breadcrumb\":{\"@id\":\"https:\\\/\\\/www.coemmo.com\\\/fr\\\/tendances-du-packaging-e-commerce-durabilite-et-personnalisation\\\/#breadcrumb\"},\"inLanguage\":\"fr-FR\",\"potentialAction\":[{\"@type\":\"ReadAction\",\"target\":[\"https:\\\/\\\/www.coemmo.com\\\/fr\\\/tendances-du-packaging-e-commerce-durabilite-et-personnalisation\\\/\"]}]},{\"@type\":\"ImageObject\",\"inLanguage\":\"fr-FR\",\"@id\":\"https:\\\/\\\/www.coemmo.com\\\/fr\\\/tendances-du-packaging-e-commerce-durabilite-et-personnalisation\\\/#primaryimage\",\"url\":\"https:\\\/\\\/www.coemmo.com\\\/wp-content\\\/uploads\\\/2026\\\/02\\\/tendencias-packaging-e-commerce.jpg\",\"contentUrl\":\"https:\\\/\\\/www.coemmo.com\\\/wp-content\\\/uploads\\\/2026\\\/02\\\/tendencias-packaging-e-commerce.jpg\",\"width\":1500,\"height\":1000,\"caption\":\"Packaging e-commerce durable et personnalis\u00e9 : prot\u00e9gez votre produit et valorisez votre marque.\"},{\"@type\":\"BreadcrumbList\",\"@id\":\"https:\\\/\\\/www.coemmo.com\\\/fr\\\/tendances-du-packaging-e-commerce-durabilite-et-personnalisation\\\/#breadcrumb\",\"itemListElement\":[{\"@type\":\"ListItem\",\"position\":1,\"name\":\"Portada\",\"item\":\"https:\\\/\\\/www.coemmo.com\\\/fr\\\/accueil\\\/\"},{\"@type\":\"ListItem\",\"position\":2,\"name\":\"Tendances du packaging e-commerce : durabilit\u00e9 et personnalisation\"}]},{\"@type\":\"WebSite\",\"@id\":\"https:\\\/\\\/www.coemmo.com\\\/fr\\\/#website\",\"url\":\"https:\\\/\\\/www.coemmo.com\\\/fr\\\/\",\"name\":\"COEMMO\",\"description\":\"Fabricamos soluciones de embalaje\",\"publisher\":{\"@id\":\"https:\\\/\\\/www.coemmo.com\\\/fr\\\/#organization\"},\"alternateName\":\"COEMMO Packaging\",\"potentialAction\":[{\"@type\":\"SearchAction\",\"target\":{\"@type\":\"EntryPoint\",\"urlTemplate\":\"https:\\\/\\\/www.coemmo.com\\\/fr\\\/?s={search_term_string}\"},\"query-input\":{\"@type\":\"PropertyValueSpecification\",\"valueRequired\":true,\"valueName\":\"search_term_string\"}}],\"inLanguage\":\"fr-FR\"},{\"@type\":\"Organization\",\"@id\":\"https:\\\/\\\/www.coemmo.com\\\/fr\\\/#organization\",\"name\":\"COEMMO\",\"alternateName\":\"COEMMO Packaging\",\"url\":\"https:\\\/\\\/www.coemmo.com\\\/fr\\\/\",\"logo\":{\"@type\":\"ImageObject\",\"inLanguage\":\"fr-FR\",\"@id\":\"https:\\\/\\\/www.coemmo.com\\\/fr\\\/#\\\/schema\\\/logo\\\/image\\\/\",\"url\":\"https:\\\/\\\/www.coemmo.com\\\/wp-content\\\/uploads\\\/2025\\\/06\\\/favicon.png\",\"contentUrl\":\"https:\\\/\\\/www.coemmo.com\\\/wp-content\\\/uploads\\\/2025\\\/06\\\/favicon.png\",\"width\":512,\"height\":512,\"caption\":\"COEMMO\"},\"image\":{\"@id\":\"https:\\\/\\\/www.coemmo.com\\\/fr\\\/#\\\/schema\\\/logo\\\/image\\\/\"},\"sameAs\":[\"https:\\\/\\\/www.linkedin.com\\\/company\\\/coemmo?originalSubdomain=es\"]},{\"@type\":\"Person\",\"@id\":\"https:\\\/\\\/www.coemmo.com\\\/fr\\\/#\\\/schema\\\/person\\\/704009a1f2a34e672c7699c09c1f7762\",\"name\":\"Comunicaci\u00f3 Integral Neorg\",\"image\":{\"@type\":\"ImageObject\",\"inLanguage\":\"fr-FR\",\"@id\":\"https:\\\/\\\/secure.gravatar.com\\\/avatar\\\/709d3d8015183afa7401c02e2291a538cbfd4ffe62f4d86ce5f4871f22e86b09?s=96&d=mm&r=g\",\"url\":\"https:\\\/\\\/secure.gravatar.com\\\/avatar\\\/709d3d8015183afa7401c02e2291a538cbfd4ffe62f4d86ce5f4871f22e86b09?s=96&d=mm&r=g\",\"contentUrl\":\"https:\\\/\\\/secure.gravatar.com\\\/avatar\\\/709d3d8015183afa7401c02e2291a538cbfd4ffe62f4d86ce5f4871f22e86b09?s=96&d=mm&r=g\",\"caption\":\"Comunicaci\u00f3 Integral Neorg\"},\"sameAs\":[\"https:\\\/\\\/www.neorgsite.com\\\/\"]}]}<\/script>\n<!-- \/ Yoast SEO plugin. -->","yoast_head_json":{"title":"Tendances du packaging e-commerce : durabilit\u00e9 et personnalisation | COEMMO","description":"La croissance du commerce \u00e9lectronique transforme la conception des emballages. Les entreprises recherchent solutions l\u00e9g\u00e8res et r\u00e9sistantes.","robots":{"index":"index","follow":"follow","max-snippet":"max-snippet:-1","max-image-preview":"max-image-preview:large","max-video-preview":"max-video-preview:-1"},"canonical":"https:\/\/www.coemmo.com\/fr\/tendances-du-packaging-e-commerce-durabilite-et-personnalisation\/","og_locale":"fr_FR","og_type":"article","og_title":"Tendances du packaging e-commerce : durabilit\u00e9 et personnalisation | COEMMO","og_description":"La croissance du commerce \u00e9lectronique transforme la conception des emballages. Les entreprises recherchent solutions l\u00e9g\u00e8res et r\u00e9sistantes.","og_url":"https:\/\/www.coemmo.com\/fr\/tendances-du-packaging-e-commerce-durabilite-et-personnalisation\/","og_site_name":"COEMMO","article_published_time":"2025-12-21T08:57:07+00:00","article_modified_time":"2026-03-05T10:31:43+00:00","og_image":[{"width":1500,"height":1000,"url":"https:\/\/www.coemmo.com\/wp-content\/uploads\/2026\/02\/tendencias-packaging-e-commerce.jpg","type":"image\/jpeg"}],"author":"Comunicaci\u00f3 Integral Neorg","twitter_card":"summary_large_image","twitter_misc":{"\u00c9crit par":"Comunicaci\u00f3 Integral Neorg","Dur\u00e9e de lecture estim\u00e9e":"1 minute"},"schema":{"@context":"https:\/\/schema.org","@graph":[{"@type":"Article","@id":"https:\/\/www.coemmo.com\/fr\/tendances-du-packaging-e-commerce-durabilite-et-personnalisation\/#article","isPartOf":{"@id":"https:\/\/www.coemmo.com\/fr\/tendances-du-packaging-e-commerce-durabilite-et-personnalisation\/"},"author":{"name":"Comunicaci\u00f3 Integral Neorg","@id":"https:\/\/www.coemmo.com\/fr\/#\/schema\/person\/704009a1f2a34e672c7699c09c1f7762"},"headline":"Tendances du packaging e-commerce : durabilit\u00e9 et personnalisation","datePublished":"2025-12-21T08:57:07+00:00","dateModified":"2026-03-05T10:31:43+00:00","mainEntityOfPage":{"@id":"https:\/\/www.coemmo.com\/fr\/tendances-du-packaging-e-commerce-durabilite-et-personnalisation\/"},"wordCount":137,"publisher":{"@id":"https:\/\/www.coemmo.com\/fr\/#organization"},"image":{"@id":"https:\/\/www.coemmo.com\/fr\/tendances-du-packaging-e-commerce-durabilite-et-personnalisation\/#primaryimage"},"thumbnailUrl":"https:\/\/www.coemmo.com\/wp-content\/uploads\/2026\/02\/tendencias-packaging-e-commerce.jpg","inLanguage":"fr-FR"},{"@type":"WebPage","@id":"https:\/\/www.coemmo.com\/fr\/tendances-du-packaging-e-commerce-durabilite-et-personnalisation\/","url":"https:\/\/www.coemmo.com\/fr\/tendances-du-packaging-e-commerce-durabilite-et-personnalisation\/","name":"Tendances du packaging e-commerce : durabilit\u00e9 et personnalisation | COEMMO","isPartOf":{"@id":"https:\/\/www.coemmo.com\/fr\/#website"},"primaryImageOfPage":{"@id":"https:\/\/www.coemmo.com\/fr\/tendances-du-packaging-e-commerce-durabilite-et-personnalisation\/#primaryimage"},"image":{"@id":"https:\/\/www.coemmo.com\/fr\/tendances-du-packaging-e-commerce-durabilite-et-personnalisation\/#primaryimage"},"thumbnailUrl":"https:\/\/www.coemmo.com\/wp-content\/uploads\/2026\/02\/tendencias-packaging-e-commerce.jpg","datePublished":"2025-12-21T08:57:07+00:00","dateModified":"2026-03-05T10:31:43+00:00","description":"La croissance du commerce \u00e9lectronique transforme la conception des emballages. Les entreprises recherchent solutions l\u00e9g\u00e8res et r\u00e9sistantes.","breadcrumb":{"@id":"https:\/\/www.coemmo.com\/fr\/tendances-du-packaging-e-commerce-durabilite-et-personnalisation\/#breadcrumb"},"inLanguage":"fr-FR","potentialAction":[{"@type":"ReadAction","target":["https:\/\/www.coemmo.com\/fr\/tendances-du-packaging-e-commerce-durabilite-et-personnalisation\/"]}]},{"@type":"ImageObject","inLanguage":"fr-FR","@id":"https:\/\/www.coemmo.com\/fr\/tendances-du-packaging-e-commerce-durabilite-et-personnalisation\/#primaryimage","url":"https:\/\/www.coemmo.com\/wp-content\/uploads\/2026\/02\/tendencias-packaging-e-commerce.jpg","contentUrl":"https:\/\/www.coemmo.com\/wp-content\/uploads\/2026\/02\/tendencias-packaging-e-commerce.jpg","width":1500,"height":1000,"caption":"Packaging e-commerce durable et personnalis\u00e9 : prot\u00e9gez votre produit et valorisez votre marque."},{"@type":"BreadcrumbList","@id":"https:\/\/www.coemmo.com\/fr\/tendances-du-packaging-e-commerce-durabilite-et-personnalisation\/#breadcrumb","itemListElement":[{"@type":"ListItem","position":1,"name":"Portada","item":"https:\/\/www.coemmo.com\/fr\/accueil\/"},{"@type":"ListItem","position":2,"name":"Tendances du packaging e-commerce : durabilit\u00e9 et personnalisation"}]},{"@type":"WebSite","@id":"https:\/\/www.coemmo.com\/fr\/#website","url":"https:\/\/www.coemmo.com\/fr\/","name":"COEMMO","description":"Fabricamos soluciones de embalaje","publisher":{"@id":"https:\/\/www.coemmo.com\/fr\/#organization"},"alternateName":"COEMMO Packaging","potentialAction":[{"@type":"SearchAction","target":{"@type":"EntryPoint","urlTemplate":"https:\/\/www.coemmo.com\/fr\/?s={search_term_string}"},"query-input":{"@type":"PropertyValueSpecification","valueRequired":true,"valueName":"search_term_string"}}],"inLanguage":"fr-FR"},{"@type":"Organization","@id":"https:\/\/www.coemmo.com\/fr\/#organization","name":"COEMMO","alternateName":"COEMMO Packaging","url":"https:\/\/www.coemmo.com\/fr\/","logo":{"@type":"ImageObject","inLanguage":"fr-FR","@id":"https:\/\/www.coemmo.com\/fr\/#\/schema\/logo\/image\/","url":"https:\/\/www.coemmo.com\/wp-content\/uploads\/2025\/06\/favicon.png","contentUrl":"https:\/\/www.coemmo.com\/wp-content\/uploads\/2025\/06\/favicon.png","width":512,"height":512,"caption":"COEMMO"},"image":{"@id":"https:\/\/www.coemmo.com\/fr\/#\/schema\/logo\/image\/"},"sameAs":["https:\/\/www.linkedin.com\/company\/coemmo?originalSubdomain=es"]},{"@type":"Person","@id":"https:\/\/www.coemmo.com\/fr\/#\/schema\/person\/704009a1f2a34e672c7699c09c1f7762","name":"Comunicaci\u00f3 Integral Neorg","image":{"@type":"ImageObject","inLanguage":"fr-FR","@id":"https:\/\/secure.gravatar.com\/avatar\/709d3d8015183afa7401c02e2291a538cbfd4ffe62f4d86ce5f4871f22e86b09?s=96&d=mm&r=g","url":"https:\/\/secure.gravatar.com\/avatar\/709d3d8015183afa7401c02e2291a538cbfd4ffe62f4d86ce5f4871f22e86b09?s=96&d=mm&r=g","contentUrl":"https:\/\/secure.gravatar.com\/avatar\/709d3d8015183afa7401c02e2291a538cbfd4ffe62f4d86ce5f4871f22e86b09?s=96&d=mm&r=g","caption":"Comunicaci\u00f3 Integral Neorg"},"sameAs":["https:\/\/www.neorgsite.com\/"]}]}},"_links":{"self":[{"href":"https:\/\/www.coemmo.com\/fr\/wp-json\/wp\/v2\/posts\/7935","targetHints":{"allow":["GET"]}}],"collection":[{"href":"https:\/\/www.coemmo.com\/fr\/wp-json\/wp\/v2\/posts"}],"about":[{"href":"https:\/\/www.coemmo.com\/fr\/wp-json\/wp\/v2\/types\/post"}],"author":[{"embeddable":true,"href":"https:\/\/www.coemmo.com\/fr\/wp-json\/wp\/v2\/users\/1"}],"replies":[{"embeddable":true,"href":"https:\/\/www.coemmo.com\/fr\/wp-json\/wp\/v2\/comments?post=7935"}],"version-history":[{"count":1,"href":"https:\/\/www.coemmo.com\/fr\/wp-json\/wp\/v2\/posts\/7935\/revisions"}],"predecessor-version":[{"id":9262,"href":"https:\/\/www.coemmo.com\/fr\/wp-json\/wp\/v2\/posts\/7935\/revisions\/9262"}],"wp:featuredmedia":[{"embeddable":true,"href":"https:\/\/www.coemmo.com\/fr\/wp-json\/wp\/v2\/media\/7936"}],"wp:attachment":[{"href":"https:\/\/www.coemmo.com\/fr\/wp-json\/wp\/v2\/media?parent=7935"}],"wp:term":[{"taxonomy":"category","embeddable":true,"href":"https:\/\/www.coemmo.com\/fr\/wp-json\/wp\/v2\/categories?post=7935"},{"taxonomy":"post_tag","embeddable":true,"href":"https:\/\/www.coemmo.com\/fr\/wp-json\/wp\/v2\/tags?post=7935"}],"curies":[{"name":"wp","href":"https:\/\/api.w.org\/{rel}","templated":true}]}}