{"id":7930,"date":"2026-02-16T09:23:23","date_gmt":"2026-02-16T08:23:23","guid":{"rendered":"https:\/\/www.coemmo.com\/le-plastique-dans-lemballage-demystifier-les-mythes-et-opter-pour-une-utilisation-responsable\/"},"modified":"2026-03-05T12:37:06","modified_gmt":"2026-03-05T11:37:06","slug":"le-plastique-dans-lemballage-demystifier-les-mythes-et-opter-pour-une-utilisation-responsable","status":"publish","type":"post","link":"https:\/\/www.coemmo.com\/fr\/le-plastique-dans-lemballage-demystifier-les-mythes-et-opter-pour-une-utilisation-responsable\/","title":{"rendered":"Le plastique dans l&#8217;emballage : d\u00e9mystifier les mythes et opter pour une utilisation responsable"},"content":{"rendered":"<p>Au cours des derni\u00e8res ann\u00e9es, le plastique a \u00e9t\u00e9 automatiquement associ\u00e9 \u00e0 un impact environnemental n\u00e9gatif. Cependant, dans le domaine de l&rsquo;<strong>emballage professionnel et industriel<\/strong>, cette perception ne refl\u00e8te pas toujours la r\u00e9alit\u00e9 technique du mat\u00e9riau. Lorsqu&rsquo;il est s\u00e9lectionn\u00e9 et g\u00e9r\u00e9 correctement, le plastique peut \u00eatre <strong>l&rsquo;une des solutions les plus efficaces, s\u00fbres et durables<\/strong> pour prot\u00e9ger les produits.  <\/p>\n<p>Plus que d&rsquo;\u00e9liminer le plastique, la tendance actuelle du secteur est d&rsquo;<strong>optimiser son utilisation<\/strong>, de r\u00e9duire les \u00e9paisseurs, d&rsquo;incorporer des mat\u00e9riaux recycl\u00e9s et d&rsquo;am\u00e9liorer sa recyclabilit\u00e9, afin d&rsquo;obtenir des emballages avec une consommation de ressources moindre et une durabilit\u00e9 accrue.<\/p>\n<h2><strong>Pourquoi le plastique reste-t-il essentiel dans l&#8217;emballage technique ?<\/strong><\/h2>\n<h3><strong>Imperm\u00e9abilit\u00e9 et barri\u00e8re contre l&rsquo;humidit\u00e9<\/strong><\/h3>\n<p>Contrairement au papier ou au carton, le plastique offre une <strong>protection totale contre l&rsquo;eau, l&rsquo;humidit\u00e9 et la condensation<\/strong>, \u00e9vitant ainsi les d\u00e9t\u00e9riorations, les d\u00e9formations ou la perte de propri\u00e9t\u00e9s du produit emball\u00e9.<br \/>\nCeci est particuli\u00e8rement important en logistique, pour l&rsquo;exportation, le stockage ext\u00e9rieur ou dans des secteurs sensibles tels que l&rsquo;alimentation, l&rsquo;industrie et la pharmacie.<\/p>\n<h3><strong>L\u00e9g\u00e8ret\u00e9 et consommation r\u00e9duite de mati\u00e8re<\/strong><\/h3>\n<p>Les plastiques permettent de fabriquer des emballages <strong>tr\u00e8s l\u00e9gers et r\u00e9sistants<\/strong>, r\u00e9duisant le poids total de l&rsquo;envoi.<br \/>\nMoins de poids signifie :<\/p>\n<ul>\n<li>Moins de consommation de carburant pour le transport<\/li>\n<li>Moins d&rsquo;\u00e9missions de CO\u2082<\/li>\n<li>Co\u00fbt logistique r\u00e9duit<\/li>\n<\/ul>\n<p>Dans de nombreux cas, <strong>remplacer d&rsquo;autres mat\u00e9riaux plus lourds par du plastique r\u00e9duit l&rsquo;impact global de l&#8217;emballage<\/strong>.<\/p>\n<h3><strong>Recyclabilit\u00e9 et cycles d&rsquo;utilisation multiples<\/strong><\/h3>\n<p>Le poly\u00e9thyl\u00e8ne et le polypropyl\u00e8ne \u2014 deux des plastiques les plus utilis\u00e9s dans l&#8217;emballage \u2014 sont <strong>100 % recyclables<\/strong> et peuvent \u00eatre r\u00e9int\u00e9gr\u00e9s dans de nouveaux processus de production.<\/p>\n<p>Aujourd&rsquo;hui, il est courant de trouver :<\/p>\n<ul>\n<li>Des sacs fabriqu\u00e9s \u00e0 partir de plastique r\u00e9cup\u00e9r\u00e9<\/li>\n<li>Des solutions r\u00e9utilisables ou \u00e0 longue dur\u00e9e de vie<\/li>\n<\/ul>\n<p>Cela favorise une <strong>\u00e9conomie circulaire r\u00e9elle<\/strong>, o\u00f9 le mat\u00e9riau ne devient pas un d\u00e9chet, mais une ressource.<\/p>\n<h3><strong>Faible impact de fabrication<\/strong><\/h3>\n<p>La fabrication d&#8217;emballages plastiques n\u00e9cessite <strong>moins d&rsquo;eau et moins d&rsquo;\u00e9nergie<\/strong> que d&rsquo;autres mat\u00e9riaux alternatifs dans certaines applications. De plus, leur durabilit\u00e9 r\u00e9duit le besoin de remplacements fr\u00e9quents, optimisant la consommation totale de ressources. <\/p>\n<h3><strong>Utilisation intelligente du plastique : la cl\u00e9 est dans la conception<\/strong><\/h3>\n<p>Le v\u00e9ritable d\u00e9fi n&rsquo;est pas \u00ab plastique oui ou non \u00bb, mais de <strong>concevoir l&#8217;emballage adapt\u00e9 \u00e0 chaque produit<\/strong>. Combiner le plastique avec le carton, la mousse ou d&rsquo;autres mat\u00e9riaux permet d&rsquo;obtenir des <strong>solutions hybrides plus efficaces<\/strong>, avec la juste protection et le minimum de mati\u00e8re n\u00e9cessaire. <\/p>\n<p>Chez <strong>COEMMO<\/strong>, nous sommes \u00e0 votre disposition pour d\u00e9velopper les emballages les plus adapt\u00e9s \u00e0 votre produit, en s\u00e9lectionnant et en combinant des mat\u00e9riaux techniques \u2014 plastiques, carton et mousses \u2014 pour obtenir la meilleure protection avec le moindre impact environnemental.<\/p>\n<h3><strong>Questions fr\u00e9quentes<\/strong><\/h3>\n<p><strong>Le plastique est-il toujours moins durable que le papier ou le carton ?<\/strong><br \/>\nPas n\u00e9cessairement. Dans de nombreuses applications, sa l\u00e9g\u00e8ret\u00e9, sa durabilit\u00e9 et sa recyclabilit\u00e9 peuvent r\u00e9duire l&rsquo;impact global. <\/p>\n<p><strong>Peut-on utiliser des plastiques recycl\u00e9s dans l&#8217;emballage industriel ?<\/strong><br \/>\nOui. De plus en plus de solutions int\u00e8grent des mat\u00e9riaux r\u00e9cup\u00e9r\u00e9s tout en conservant leurs performances techniques. <\/p>\n<p><strong>Quels secteurs ont particuli\u00e8rement besoin d&#8217;emballages plastiques ?<\/strong><br \/>\nLa logistique, l&rsquo;alimentation, l&rsquo;exportation, l&rsquo;industrie et la pharmacie, o\u00f9 l&rsquo;humidit\u00e9 et la protection sont critiques.<\/p>\n<p>&nbsp;<\/p>\n","protected":false},"excerpt":{"rendered":"<p>Au cours des derni\u00e8res ann\u00e9es, le plastique a \u00e9t\u00e9 automatiquement associ\u00e9 \u00e0 un impact environnemental n\u00e9gatif. Cependant, dans le domaine de l&rsquo;emballage professionnel et industriel, cette perception ne refl\u00e8te pas toujours la r\u00e9alit\u00e9 technique du mat\u00e9riau. Lorsqu&rsquo;il est s\u00e9lectionn\u00e9 et g\u00e9r\u00e9 correctement, le plastique peut \u00eatre l&rsquo;une des solutions les plus efficaces, s\u00fbres et durables&hellip;&nbsp;<\/p>\n","protected":false},"author":1,"featured_media":7931,"comment_status":"closed","ping_status":"open","sticky":false,"template":"","format":"standard","meta":{"_acf_changed":false,"neve_meta_sidebar":"","neve_meta_container":"","neve_meta_enable_content_width":"off","neve_meta_content_width":70,"neve_meta_title_alignment":"","neve_meta_author_avatar":"","neve_post_elements_order":"","neve_meta_disable_header":"","neve_meta_disable_footer":"","neve_meta_disable_title":"","footnotes":""},"categories":[111],"tags":[],"class_list":["post-7930","post","type-post","status-publish","format-standard","has-post-thumbnail","hentry","category-non-classe"],"acf":[],"yoast_head":"<!-- This site is optimized with the Yoast SEO plugin v27.4 - https:\/\/yoast.com\/product\/yoast-seo-wordpress\/ -->\n<title>Le plastique dans l&#039;emballage : d\u00e9mystifier les mythes et opter pour une utilisation responsable | COEMMO<\/title>\n<meta name=\"description\" content=\"Au cours des derni\u00e8res ann\u00e9es, le plastique a \u00e9t\u00e9 automatiquement associ\u00e9 \u00e0 un impact environnemental n\u00e9gatif. Cependant...\" \/>\n<meta name=\"robots\" content=\"index, follow, max-snippet:-1, max-image-preview:large, max-video-preview:-1\" \/>\n<link rel=\"canonical\" href=\"https:\/\/www.coemmo.com\/fr\/le-plastique-dans-lemballage-demystifier-les-mythes-et-opter-pour-une-utilisation-responsable\/\" \/>\n<meta property=\"og:locale\" content=\"fr_FR\" \/>\n<meta property=\"og:type\" content=\"article\" \/>\n<meta property=\"og:title\" content=\"Le plastique dans l&#039;emballage : d\u00e9mystifier les mythes et opter pour une utilisation responsable | COEMMO\" \/>\n<meta property=\"og:description\" content=\"Au cours des derni\u00e8res ann\u00e9es, le plastique a \u00e9t\u00e9 automatiquement associ\u00e9 \u00e0 un impact environnemental n\u00e9gatif. Cependant...\" \/>\n<meta property=\"og:url\" content=\"https:\/\/www.coemmo.com\/fr\/le-plastique-dans-lemballage-demystifier-les-mythes-et-opter-pour-une-utilisation-responsable\/\" \/>\n<meta property=\"og:site_name\" content=\"COEMMO\" \/>\n<meta property=\"article:published_time\" content=\"2026-02-16T08:23:23+00:00\" \/>\n<meta property=\"article:modified_time\" content=\"2026-03-05T11:37:06+00:00\" \/>\n<meta property=\"og:image\" content=\"https:\/\/www.coemmo.com\/wp-content\/uploads\/2025\/06\/plastico-en-embalaje.jpg\" \/>\n\t<meta property=\"og:image:width\" content=\"1500\" \/>\n\t<meta property=\"og:image:height\" content=\"1000\" \/>\n\t<meta property=\"og:image:type\" content=\"image\/jpeg\" \/>\n<meta name=\"author\" content=\"Comunicaci\u00f3 Integral Neorg\" \/>\n<meta name=\"twitter:card\" content=\"summary_large_image\" \/>\n<meta name=\"twitter:label1\" content=\"\u00c9crit par\" \/>\n\t<meta name=\"twitter:data1\" content=\"Comunicaci\u00f3 Integral Neorg\" \/>\n\t<meta name=\"twitter:label2\" content=\"Dur\u00e9e de lecture estim\u00e9e\" \/>\n\t<meta name=\"twitter:data2\" content=\"3 minutes\" \/>\n<script type=\"application\/ld+json\" class=\"yoast-schema-graph\">{\"@context\":\"https:\\\/\\\/schema.org\",\"@graph\":[{\"@type\":\"Article\",\"@id\":\"https:\\\/\\\/www.coemmo.com\\\/fr\\\/le-plastique-dans-lemballage-demystifier-les-mythes-et-opter-pour-une-utilisation-responsable\\\/#article\",\"isPartOf\":{\"@id\":\"https:\\\/\\\/www.coemmo.com\\\/fr\\\/le-plastique-dans-lemballage-demystifier-les-mythes-et-opter-pour-une-utilisation-responsable\\\/\"},\"author\":{\"name\":\"Comunicaci\u00f3 Integral Neorg\",\"@id\":\"https:\\\/\\\/www.coemmo.com\\\/fr\\\/#\\\/schema\\\/person\\\/704009a1f2a34e672c7699c09c1f7762\"},\"headline\":\"Le plastique dans l&#8217;emballage : d\u00e9mystifier les mythes et opter pour une utilisation responsable\",\"datePublished\":\"2026-02-16T08:23:23+00:00\",\"dateModified\":\"2026-03-05T11:37:06+00:00\",\"mainEntityOfPage\":{\"@id\":\"https:\\\/\\\/www.coemmo.com\\\/fr\\\/le-plastique-dans-lemballage-demystifier-les-mythes-et-opter-pour-une-utilisation-responsable\\\/\"},\"wordCount\":628,\"publisher\":{\"@id\":\"https:\\\/\\\/www.coemmo.com\\\/fr\\\/#organization\"},\"image\":{\"@id\":\"https:\\\/\\\/www.coemmo.com\\\/fr\\\/le-plastique-dans-lemballage-demystifier-les-mythes-et-opter-pour-une-utilisation-responsable\\\/#primaryimage\"},\"thumbnailUrl\":\"https:\\\/\\\/www.coemmo.com\\\/wp-content\\\/uploads\\\/2025\\\/06\\\/plastico-en-embalaje.jpg\",\"inLanguage\":\"fr-FR\"},{\"@type\":\"WebPage\",\"@id\":\"https:\\\/\\\/www.coemmo.com\\\/fr\\\/le-plastique-dans-lemballage-demystifier-les-mythes-et-opter-pour-une-utilisation-responsable\\\/\",\"url\":\"https:\\\/\\\/www.coemmo.com\\\/fr\\\/le-plastique-dans-lemballage-demystifier-les-mythes-et-opter-pour-une-utilisation-responsable\\\/\",\"name\":\"Le plastique dans l'emballage : d\u00e9mystifier les mythes et opter pour une utilisation responsable | COEMMO\",\"isPartOf\":{\"@id\":\"https:\\\/\\\/www.coemmo.com\\\/fr\\\/#website\"},\"primaryImageOfPage\":{\"@id\":\"https:\\\/\\\/www.coemmo.com\\\/fr\\\/le-plastique-dans-lemballage-demystifier-les-mythes-et-opter-pour-une-utilisation-responsable\\\/#primaryimage\"},\"image\":{\"@id\":\"https:\\\/\\\/www.coemmo.com\\\/fr\\\/le-plastique-dans-lemballage-demystifier-les-mythes-et-opter-pour-une-utilisation-responsable\\\/#primaryimage\"},\"thumbnailUrl\":\"https:\\\/\\\/www.coemmo.com\\\/wp-content\\\/uploads\\\/2025\\\/06\\\/plastico-en-embalaje.jpg\",\"datePublished\":\"2026-02-16T08:23:23+00:00\",\"dateModified\":\"2026-03-05T11:37:06+00:00\",\"description\":\"Au cours des derni\u00e8res ann\u00e9es, le plastique a \u00e9t\u00e9 automatiquement associ\u00e9 \u00e0 un impact environnemental n\u00e9gatif. Cependant...\",\"breadcrumb\":{\"@id\":\"https:\\\/\\\/www.coemmo.com\\\/fr\\\/le-plastique-dans-lemballage-demystifier-les-mythes-et-opter-pour-une-utilisation-responsable\\\/#breadcrumb\"},\"inLanguage\":\"fr-FR\",\"potentialAction\":[{\"@type\":\"ReadAction\",\"target\":[\"https:\\\/\\\/www.coemmo.com\\\/fr\\\/le-plastique-dans-lemballage-demystifier-les-mythes-et-opter-pour-une-utilisation-responsable\\\/\"]}]},{\"@type\":\"ImageObject\",\"inLanguage\":\"fr-FR\",\"@id\":\"https:\\\/\\\/www.coemmo.com\\\/fr\\\/le-plastique-dans-lemballage-demystifier-les-mythes-et-opter-pour-une-utilisation-responsable\\\/#primaryimage\",\"url\":\"https:\\\/\\\/www.coemmo.com\\\/wp-content\\\/uploads\\\/2025\\\/06\\\/plastico-en-embalaje.jpg\",\"contentUrl\":\"https:\\\/\\\/www.coemmo.com\\\/wp-content\\\/uploads\\\/2025\\\/06\\\/plastico-en-embalaje.jpg\",\"width\":1500,\"height\":1000,\"caption\":\"Le plastique dans l'emballage : mythes, r\u00e9alit\u00e9s et la voie vers une utilisation responsable.\"},{\"@type\":\"BreadcrumbList\",\"@id\":\"https:\\\/\\\/www.coemmo.com\\\/fr\\\/le-plastique-dans-lemballage-demystifier-les-mythes-et-opter-pour-une-utilisation-responsable\\\/#breadcrumb\",\"itemListElement\":[{\"@type\":\"ListItem\",\"position\":1,\"name\":\"Portada\",\"item\":\"https:\\\/\\\/www.coemmo.com\\\/fr\\\/accueil\\\/\"},{\"@type\":\"ListItem\",\"position\":2,\"name\":\"Le plastique dans l&#8217;emballage : d\u00e9mystifier les mythes et opter pour une utilisation responsable\"}]},{\"@type\":\"WebSite\",\"@id\":\"https:\\\/\\\/www.coemmo.com\\\/fr\\\/#website\",\"url\":\"https:\\\/\\\/www.coemmo.com\\\/fr\\\/\",\"name\":\"COEMMO\",\"description\":\"Fabricamos soluciones de embalaje\",\"publisher\":{\"@id\":\"https:\\\/\\\/www.coemmo.com\\\/fr\\\/#organization\"},\"alternateName\":\"COEMMO Packaging\",\"potentialAction\":[{\"@type\":\"SearchAction\",\"target\":{\"@type\":\"EntryPoint\",\"urlTemplate\":\"https:\\\/\\\/www.coemmo.com\\\/fr\\\/?s={search_term_string}\"},\"query-input\":{\"@type\":\"PropertyValueSpecification\",\"valueRequired\":true,\"valueName\":\"search_term_string\"}}],\"inLanguage\":\"fr-FR\"},{\"@type\":\"Organization\",\"@id\":\"https:\\\/\\\/www.coemmo.com\\\/fr\\\/#organization\",\"name\":\"COEMMO\",\"alternateName\":\"COEMMO Packaging\",\"url\":\"https:\\\/\\\/www.coemmo.com\\\/fr\\\/\",\"logo\":{\"@type\":\"ImageObject\",\"inLanguage\":\"fr-FR\",\"@id\":\"https:\\\/\\\/www.coemmo.com\\\/fr\\\/#\\\/schema\\\/logo\\\/image\\\/\",\"url\":\"https:\\\/\\\/www.coemmo.com\\\/wp-content\\\/uploads\\\/2025\\\/06\\\/favicon.png\",\"contentUrl\":\"https:\\\/\\\/www.coemmo.com\\\/wp-content\\\/uploads\\\/2025\\\/06\\\/favicon.png\",\"width\":512,\"height\":512,\"caption\":\"COEMMO\"},\"image\":{\"@id\":\"https:\\\/\\\/www.coemmo.com\\\/fr\\\/#\\\/schema\\\/logo\\\/image\\\/\"},\"sameAs\":[\"https:\\\/\\\/www.linkedin.com\\\/company\\\/coemmo?originalSubdomain=es\"]},{\"@type\":\"Person\",\"@id\":\"https:\\\/\\\/www.coemmo.com\\\/fr\\\/#\\\/schema\\\/person\\\/704009a1f2a34e672c7699c09c1f7762\",\"name\":\"Comunicaci\u00f3 Integral Neorg\",\"image\":{\"@type\":\"ImageObject\",\"inLanguage\":\"fr-FR\",\"@id\":\"https:\\\/\\\/secure.gravatar.com\\\/avatar\\\/709d3d8015183afa7401c02e2291a538cbfd4ffe62f4d86ce5f4871f22e86b09?s=96&d=mm&r=g\",\"url\":\"https:\\\/\\\/secure.gravatar.com\\\/avatar\\\/709d3d8015183afa7401c02e2291a538cbfd4ffe62f4d86ce5f4871f22e86b09?s=96&d=mm&r=g\",\"contentUrl\":\"https:\\\/\\\/secure.gravatar.com\\\/avatar\\\/709d3d8015183afa7401c02e2291a538cbfd4ffe62f4d86ce5f4871f22e86b09?s=96&d=mm&r=g\",\"caption\":\"Comunicaci\u00f3 Integral Neorg\"},\"sameAs\":[\"https:\\\/\\\/www.neorgsite.com\\\/\"]}]}<\/script>\n<!-- \/ Yoast SEO plugin. -->","yoast_head_json":{"title":"Le plastique dans l'emballage : d\u00e9mystifier les mythes et opter pour une utilisation responsable | COEMMO","description":"Au cours des derni\u00e8res ann\u00e9es, le plastique a \u00e9t\u00e9 automatiquement associ\u00e9 \u00e0 un impact environnemental n\u00e9gatif. Cependant...","robots":{"index":"index","follow":"follow","max-snippet":"max-snippet:-1","max-image-preview":"max-image-preview:large","max-video-preview":"max-video-preview:-1"},"canonical":"https:\/\/www.coemmo.com\/fr\/le-plastique-dans-lemballage-demystifier-les-mythes-et-opter-pour-une-utilisation-responsable\/","og_locale":"fr_FR","og_type":"article","og_title":"Le plastique dans l'emballage : d\u00e9mystifier les mythes et opter pour une utilisation responsable | COEMMO","og_description":"Au cours des derni\u00e8res ann\u00e9es, le plastique a \u00e9t\u00e9 automatiquement associ\u00e9 \u00e0 un impact environnemental n\u00e9gatif. Cependant...","og_url":"https:\/\/www.coemmo.com\/fr\/le-plastique-dans-lemballage-demystifier-les-mythes-et-opter-pour-une-utilisation-responsable\/","og_site_name":"COEMMO","article_published_time":"2026-02-16T08:23:23+00:00","article_modified_time":"2026-03-05T11:37:06+00:00","og_image":[{"width":1500,"height":1000,"url":"https:\/\/www.coemmo.com\/wp-content\/uploads\/2025\/06\/plastico-en-embalaje.jpg","type":"image\/jpeg"}],"author":"Comunicaci\u00f3 Integral Neorg","twitter_card":"summary_large_image","twitter_misc":{"\u00c9crit par":"Comunicaci\u00f3 Integral Neorg","Dur\u00e9e de lecture estim\u00e9e":"3 minutes"},"schema":{"@context":"https:\/\/schema.org","@graph":[{"@type":"Article","@id":"https:\/\/www.coemmo.com\/fr\/le-plastique-dans-lemballage-demystifier-les-mythes-et-opter-pour-une-utilisation-responsable\/#article","isPartOf":{"@id":"https:\/\/www.coemmo.com\/fr\/le-plastique-dans-lemballage-demystifier-les-mythes-et-opter-pour-une-utilisation-responsable\/"},"author":{"name":"Comunicaci\u00f3 Integral Neorg","@id":"https:\/\/www.coemmo.com\/fr\/#\/schema\/person\/704009a1f2a34e672c7699c09c1f7762"},"headline":"Le plastique dans l&#8217;emballage : d\u00e9mystifier les mythes et opter pour une utilisation responsable","datePublished":"2026-02-16T08:23:23+00:00","dateModified":"2026-03-05T11:37:06+00:00","mainEntityOfPage":{"@id":"https:\/\/www.coemmo.com\/fr\/le-plastique-dans-lemballage-demystifier-les-mythes-et-opter-pour-une-utilisation-responsable\/"},"wordCount":628,"publisher":{"@id":"https:\/\/www.coemmo.com\/fr\/#organization"},"image":{"@id":"https:\/\/www.coemmo.com\/fr\/le-plastique-dans-lemballage-demystifier-les-mythes-et-opter-pour-une-utilisation-responsable\/#primaryimage"},"thumbnailUrl":"https:\/\/www.coemmo.com\/wp-content\/uploads\/2025\/06\/plastico-en-embalaje.jpg","inLanguage":"fr-FR"},{"@type":"WebPage","@id":"https:\/\/www.coemmo.com\/fr\/le-plastique-dans-lemballage-demystifier-les-mythes-et-opter-pour-une-utilisation-responsable\/","url":"https:\/\/www.coemmo.com\/fr\/le-plastique-dans-lemballage-demystifier-les-mythes-et-opter-pour-une-utilisation-responsable\/","name":"Le plastique dans l'emballage : d\u00e9mystifier les mythes et opter pour une utilisation responsable | COEMMO","isPartOf":{"@id":"https:\/\/www.coemmo.com\/fr\/#website"},"primaryImageOfPage":{"@id":"https:\/\/www.coemmo.com\/fr\/le-plastique-dans-lemballage-demystifier-les-mythes-et-opter-pour-une-utilisation-responsable\/#primaryimage"},"image":{"@id":"https:\/\/www.coemmo.com\/fr\/le-plastique-dans-lemballage-demystifier-les-mythes-et-opter-pour-une-utilisation-responsable\/#primaryimage"},"thumbnailUrl":"https:\/\/www.coemmo.com\/wp-content\/uploads\/2025\/06\/plastico-en-embalaje.jpg","datePublished":"2026-02-16T08:23:23+00:00","dateModified":"2026-03-05T11:37:06+00:00","description":"Au cours des derni\u00e8res ann\u00e9es, le plastique a \u00e9t\u00e9 automatiquement associ\u00e9 \u00e0 un impact environnemental n\u00e9gatif. Cependant...","breadcrumb":{"@id":"https:\/\/www.coemmo.com\/fr\/le-plastique-dans-lemballage-demystifier-les-mythes-et-opter-pour-une-utilisation-responsable\/#breadcrumb"},"inLanguage":"fr-FR","potentialAction":[{"@type":"ReadAction","target":["https:\/\/www.coemmo.com\/fr\/le-plastique-dans-lemballage-demystifier-les-mythes-et-opter-pour-une-utilisation-responsable\/"]}]},{"@type":"ImageObject","inLanguage":"fr-FR","@id":"https:\/\/www.coemmo.com\/fr\/le-plastique-dans-lemballage-demystifier-les-mythes-et-opter-pour-une-utilisation-responsable\/#primaryimage","url":"https:\/\/www.coemmo.com\/wp-content\/uploads\/2025\/06\/plastico-en-embalaje.jpg","contentUrl":"https:\/\/www.coemmo.com\/wp-content\/uploads\/2025\/06\/plastico-en-embalaje.jpg","width":1500,"height":1000,"caption":"Le plastique dans l'emballage : mythes, r\u00e9alit\u00e9s et la voie vers une utilisation responsable."},{"@type":"BreadcrumbList","@id":"https:\/\/www.coemmo.com\/fr\/le-plastique-dans-lemballage-demystifier-les-mythes-et-opter-pour-une-utilisation-responsable\/#breadcrumb","itemListElement":[{"@type":"ListItem","position":1,"name":"Portada","item":"https:\/\/www.coemmo.com\/fr\/accueil\/"},{"@type":"ListItem","position":2,"name":"Le plastique dans l&#8217;emballage : d\u00e9mystifier les mythes et opter pour une utilisation responsable"}]},{"@type":"WebSite","@id":"https:\/\/www.coemmo.com\/fr\/#website","url":"https:\/\/www.coemmo.com\/fr\/","name":"COEMMO","description":"Fabricamos soluciones de embalaje","publisher":{"@id":"https:\/\/www.coemmo.com\/fr\/#organization"},"alternateName":"COEMMO Packaging","potentialAction":[{"@type":"SearchAction","target":{"@type":"EntryPoint","urlTemplate":"https:\/\/www.coemmo.com\/fr\/?s={search_term_string}"},"query-input":{"@type":"PropertyValueSpecification","valueRequired":true,"valueName":"search_term_string"}}],"inLanguage":"fr-FR"},{"@type":"Organization","@id":"https:\/\/www.coemmo.com\/fr\/#organization","name":"COEMMO","alternateName":"COEMMO Packaging","url":"https:\/\/www.coemmo.com\/fr\/","logo":{"@type":"ImageObject","inLanguage":"fr-FR","@id":"https:\/\/www.coemmo.com\/fr\/#\/schema\/logo\/image\/","url":"https:\/\/www.coemmo.com\/wp-content\/uploads\/2025\/06\/favicon.png","contentUrl":"https:\/\/www.coemmo.com\/wp-content\/uploads\/2025\/06\/favicon.png","width":512,"height":512,"caption":"COEMMO"},"image":{"@id":"https:\/\/www.coemmo.com\/fr\/#\/schema\/logo\/image\/"},"sameAs":["https:\/\/www.linkedin.com\/company\/coemmo?originalSubdomain=es"]},{"@type":"Person","@id":"https:\/\/www.coemmo.com\/fr\/#\/schema\/person\/704009a1f2a34e672c7699c09c1f7762","name":"Comunicaci\u00f3 Integral Neorg","image":{"@type":"ImageObject","inLanguage":"fr-FR","@id":"https:\/\/secure.gravatar.com\/avatar\/709d3d8015183afa7401c02e2291a538cbfd4ffe62f4d86ce5f4871f22e86b09?s=96&d=mm&r=g","url":"https:\/\/secure.gravatar.com\/avatar\/709d3d8015183afa7401c02e2291a538cbfd4ffe62f4d86ce5f4871f22e86b09?s=96&d=mm&r=g","contentUrl":"https:\/\/secure.gravatar.com\/avatar\/709d3d8015183afa7401c02e2291a538cbfd4ffe62f4d86ce5f4871f22e86b09?s=96&d=mm&r=g","caption":"Comunicaci\u00f3 Integral Neorg"},"sameAs":["https:\/\/www.neorgsite.com\/"]}]}},"_links":{"self":[{"href":"https:\/\/www.coemmo.com\/fr\/wp-json\/wp\/v2\/posts\/7930","targetHints":{"allow":["GET"]}}],"collection":[{"href":"https:\/\/www.coemmo.com\/fr\/wp-json\/wp\/v2\/posts"}],"about":[{"href":"https:\/\/www.coemmo.com\/fr\/wp-json\/wp\/v2\/types\/post"}],"author":[{"embeddable":true,"href":"https:\/\/www.coemmo.com\/fr\/wp-json\/wp\/v2\/users\/1"}],"replies":[{"embeddable":true,"href":"https:\/\/www.coemmo.com\/fr\/wp-json\/wp\/v2\/comments?post=7930"}],"version-history":[{"count":2,"href":"https:\/\/www.coemmo.com\/fr\/wp-json\/wp\/v2\/posts\/7930\/revisions"}],"predecessor-version":[{"id":9263,"href":"https:\/\/www.coemmo.com\/fr\/wp-json\/wp\/v2\/posts\/7930\/revisions\/9263"}],"wp:featuredmedia":[{"embeddable":true,"href":"https:\/\/www.coemmo.com\/fr\/wp-json\/wp\/v2\/media\/7931"}],"wp:attachment":[{"href":"https:\/\/www.coemmo.com\/fr\/wp-json\/wp\/v2\/media?parent=7930"}],"wp:term":[{"taxonomy":"category","embeddable":true,"href":"https:\/\/www.coemmo.com\/fr\/wp-json\/wp\/v2\/categories?post=7930"},{"taxonomy":"post_tag","embeddable":true,"href":"https:\/\/www.coemmo.com\/fr\/wp-json\/wp\/v2\/tags?post=7930"}],"curies":[{"name":"wp","href":"https:\/\/api.w.org\/{rel}","templated":true}]}}