{"id":7941,"date":"2026-02-16T09:23:23","date_gmt":"2026-02-16T08:23:23","guid":{"rendered":"https:\/\/www.coemmo.com\/el-plastic-en-lembalatge-desmuntant-mites-i-apostant-per-un-us-responsable\/"},"modified":"2026-03-05T12:37:07","modified_gmt":"2026-03-05T11:37:07","slug":"el-plastic-en-lembalatge-desmuntant-mites-i-apostant-per-un-us-responsable","status":"publish","type":"post","link":"https:\/\/www.coemmo.com\/ca\/el-plastic-en-lembalatge-desmuntant-mites-i-apostant-per-un-us-responsable\/","title":{"rendered":"El pl\u00e0stic en l\u2019embalatge: desmuntant mites i apostant per un \u00fas responsable"},"content":{"rendered":"<p>Durant els \u00faltims anys, el pl\u00e0stic s\u2019ha associat de manera autom\u00e0tica amb un impacte ambiental negatiu. Tanmateix, en l\u2019\u00e0mbit de l\u2019<strong>embalatge professional i industrial<\/strong>, aquesta percepci\u00f3 no sempre reflecteix la realitat t\u00e8cnica del material. Quan se selecciona i es gestiona correctament, el pl\u00e0stic pot ser <strong>una de les solucions m\u00e9s eficients, segures i sostenibles<\/strong> per protegir productes.  <\/p>\n<p>M\u00e9s que eliminar el pl\u00e0stic, la tend\u00e8ncia actual del sector \u00e9s <strong>optimitzar-ne l\u2019\u00fas<\/strong>, reduir gruixos, incorporar material reciclat i millorar-ne la reciclabilitat, aconseguint embalatge amb un menor consum de recursos i una durabilitat m\u00e9s gran.<\/p>\n<h2><strong>Per qu\u00e8 el pl\u00e0stic continua sent clau en l\u2019embalatge t\u00e8cnic<\/strong><\/h2>\n<h3><strong>Impermeabilitat i barrera davant la humitat<\/strong><\/h3>\n<p>A difer\u00e8ncia del paper o el cartr\u00f3, el pl\u00e0stic ofereix <strong>protecci\u00f3 total davant l\u2019aigua, la humitat i la condensaci\u00f3<\/strong>, evitant deterioraments, deformacions o p\u00e8rdua de propietats del producte embalat.<br \/>\nAix\u00f2 \u00e9s especialment important en log\u00edstica, exportaci\u00f3, emmagatzematge exterior o sectors sensibles com l\u2019alimentaci\u00f3, la ind\u00fastria i la pharma.<\/p>\n<h3><strong>Lleugeresa i menor consum de material<\/strong><\/h3>\n<p>Els pl\u00e0stics permeten fabricar embalatge <strong>molt lleuger i resistent<\/strong>, reduint el pes total de l\u2019enviament.<br \/>\nMenys pes significa:<\/p>\n<ul>\n<li>Menor consum de combustible en el transport<\/li>\n<li>Menors emissions de CO\u2082<\/li>\n<li>Menor cost log\u00edstic<\/li>\n<\/ul>\n<p>En molts casos, <strong>substituir altres materials m\u00e9s pesants per pl\u00e0stic redueix l\u2019impacte global de l\u2019embalatge<\/strong>.<\/p>\n<h3><strong>Reciclabilitat i m\u00faltiples cicles d\u2019\u00fas<\/strong><\/h3>\n<p>El polietil\u00e8 i el polipropil\u00e8 \u2014dos dels pl\u00e0stics m\u00e9s utilitzats en embalatge\u2014 s\u00f3n <strong>100% reciclables<\/strong> i poden reincorporar-se a nous processos productius.<\/p>\n<p>Avui dia \u00e9s habitual trobar:<\/p>\n<ul>\n<li>Bosses fabricades amb pl\u00e0stic recuperat<\/li>\n<li>Solucions reutilitzables o de llarga vida \u00fatil<\/li>\n<\/ul>\n<p>Aix\u00f2 afavoreix una <strong>economia circular real<\/strong>, on el material no es converteix en residu, sin\u00f3 en recurs.<\/p>\n<h3><strong>Baix impacte en la fabricaci\u00f3<\/strong><\/h3>\n<p>La fabricaci\u00f3 d\u2019embalatge pl\u00e0stic requereix <strong>menys aigua i menys energia<\/strong> que altres materials alternatius en determinades aplicacions. A m\u00e9s, la seva durabilitat redueix la necessitat de reposicions freq\u00fcents, optimitzant el consum total de recursos. <\/p>\n<h3><strong>\u00das intel\u00b7ligent del pl\u00e0stic: la clau \u00e9s el disseny<\/strong><\/h3>\n<p>El veritable repte no \u00e9s \u201cpl\u00e0stic s\u00ed o no\u201d, sin\u00f3 <strong>dissenyar l\u2019embalatge adequat per a cada producte<\/strong>. Combinar pl\u00e0stic amb cartr\u00f3, escuma o altres materials permet aconseguir <strong>solucions h\u00edbrides m\u00e9s eficients<\/strong>, amb la protecci\u00f3 justa i el m\u00ednim material necessari. <\/p>\n<p>A <strong>COEMMO<\/strong> estem a la seva disposici\u00f3 per desenvolupar els embalatge m\u00e9s indicats per al seu producte, seleccionant i combinant materials t\u00e8cnics \u2014pl\u00e0stics, cartr\u00f3 i escumes\u2014 per aconseguir la millor protecci\u00f3 amb el menor impacte ambiental.<\/p>\n<h3><strong>Preguntes freq\u00fcents<\/strong><\/h3>\n<p><strong>El pl\u00e0stic \u00e9s sempre menys sostenible que el paper o el cartr\u00f3?<\/strong><br \/>\nNo necess\u00e0riament. En moltes aplicacions, la seva lleugeresa, durabilitat i reciclabilitat poden reduir l\u2019impacte global. <\/p>\n<p><strong>Es poden utilitzar pl\u00e0stics reciclats en embalatge industrial?<\/strong><br \/>\nS\u00ed. Cada vegada m\u00e9s solucions incorporen material recuperat mantenint les seves prestacions t\u00e8cniques. <\/p>\n<p><strong>Quins sectors necessiten especialment embalatge pl\u00e0stic?<\/strong><br \/>\nLog\u00edstica, alimentaci\u00f3, exportaci\u00f3, ind\u00fastria i pharma, on la humitat i la protecci\u00f3 s\u00f3n cr\u00edtiques.<\/p>\n<p>&nbsp;<\/p>\n","protected":false},"excerpt":{"rendered":"<p>Durant els \u00faltims anys, el pl\u00e0stic s\u2019ha associat de manera autom\u00e0tica amb un impacte ambiental negatiu. Tanmateix, en l\u2019\u00e0mbit de l\u2019embalatge professional i industrial, aquesta percepci\u00f3 no sempre reflecteix la realitat t\u00e8cnica del material. Quan se selecciona i es gestiona correctament, el pl\u00e0stic pot ser una de les solucions m\u00e9s eficients, segures i sostenibles per&hellip;&nbsp;<\/p>\n","protected":false},"author":1,"featured_media":7942,"comment_status":"closed","ping_status":"open","sticky":false,"template":"","format":"standard","meta":{"_acf_changed":false,"neve_meta_sidebar":"","neve_meta_container":"","neve_meta_enable_content_width":"off","neve_meta_content_width":70,"neve_meta_title_alignment":"","neve_meta_author_avatar":"","neve_post_elements_order":"","neve_meta_disable_header":"","neve_meta_disable_footer":"","neve_meta_disable_title":"","footnotes":""},"categories":[112],"tags":[],"class_list":["post-7941","post","type-post","status-publish","format-standard","has-post-thumbnail","hentry","category-sense-categoria"],"acf":[],"yoast_head":"<!-- This site is optimized with the Yoast SEO plugin v27.4 - https:\/\/yoast.com\/product\/yoast-seo-wordpress\/ -->\n<title>El pl\u00e0stic en l\u2019embalatge: desmuntant mites i apostant per un \u00fas responsable | COEMMO<\/title>\n<meta name=\"description\" content=\"Durant els \u00faltims anys, el pl\u00e0stic s&#039;ha associat de forma autom\u00e0tica amb un impacte ambiental negatiu. Tanmateix...\" \/>\n<meta name=\"robots\" content=\"index, follow, max-snippet:-1, max-image-preview:large, max-video-preview:-1\" \/>\n<link rel=\"canonical\" href=\"https:\/\/www.coemmo.com\/ca\/el-plastic-en-lembalatge-desmuntant-mites-i-apostant-per-un-us-responsable\/\" \/>\n<meta property=\"og:locale\" content=\"ca_ES\" \/>\n<meta property=\"og:type\" content=\"article\" \/>\n<meta property=\"og:title\" content=\"El pl\u00e0stic en l\u2019embalatge: desmuntant mites i apostant per un \u00fas responsable | COEMMO\" \/>\n<meta property=\"og:description\" content=\"Durant els \u00faltims anys, el pl\u00e0stic s&#039;ha associat de forma autom\u00e0tica amb un impacte ambiental negatiu. Tanmateix...\" \/>\n<meta property=\"og:url\" content=\"https:\/\/www.coemmo.com\/ca\/el-plastic-en-lembalatge-desmuntant-mites-i-apostant-per-un-us-responsable\/\" \/>\n<meta property=\"og:site_name\" content=\"COEMMO\" \/>\n<meta property=\"article:published_time\" content=\"2026-02-16T08:23:23+00:00\" \/>\n<meta property=\"article:modified_time\" content=\"2026-03-05T11:37:07+00:00\" \/>\n<meta property=\"og:image\" content=\"https:\/\/www.coemmo.com\/wp-content\/uploads\/2025\/06\/plastico-en-embalaje.jpg\" \/>\n\t<meta property=\"og:image:width\" content=\"1500\" \/>\n\t<meta property=\"og:image:height\" content=\"1000\" \/>\n\t<meta property=\"og:image:type\" content=\"image\/jpeg\" \/>\n<meta name=\"author\" content=\"Comunicaci\u00f3 Integral Neorg\" \/>\n<meta name=\"twitter:card\" content=\"summary_large_image\" \/>\n<meta name=\"twitter:label1\" content=\"Escrit per\" \/>\n\t<meta name=\"twitter:data1\" content=\"Comunicaci\u00f3 Integral Neorg\" \/>\n\t<meta name=\"twitter:label2\" content=\"Temps estimat de lectura\" \/>\n\t<meta name=\"twitter:data2\" content=\"3 minut\" \/>\n<script type=\"application\/ld+json\" class=\"yoast-schema-graph\">{\"@context\":\"https:\\\/\\\/schema.org\",\"@graph\":[{\"@type\":\"Article\",\"@id\":\"https:\\\/\\\/www.coemmo.com\\\/ca\\\/el-plastic-en-lembalatge-desmuntant-mites-i-apostant-per-un-us-responsable\\\/#article\",\"isPartOf\":{\"@id\":\"https:\\\/\\\/www.coemmo.com\\\/ca\\\/el-plastic-en-lembalatge-desmuntant-mites-i-apostant-per-un-us-responsable\\\/\"},\"author\":{\"name\":\"Comunicaci\u00f3 Integral Neorg\",\"@id\":\"https:\\\/\\\/www.coemmo.com\\\/ca\\\/#\\\/schema\\\/person\\\/704009a1f2a34e672c7699c09c1f7762\"},\"headline\":\"El pl\u00e0stic en l\u2019embalatge: desmuntant mites i apostant per un \u00fas responsable\",\"datePublished\":\"2026-02-16T08:23:23+00:00\",\"dateModified\":\"2026-03-05T11:37:07+00:00\",\"mainEntityOfPage\":{\"@id\":\"https:\\\/\\\/www.coemmo.com\\\/ca\\\/el-plastic-en-lembalatge-desmuntant-mites-i-apostant-per-un-us-responsable\\\/\"},\"wordCount\":541,\"publisher\":{\"@id\":\"https:\\\/\\\/www.coemmo.com\\\/ca\\\/#organization\"},\"image\":{\"@id\":\"https:\\\/\\\/www.coemmo.com\\\/ca\\\/el-plastic-en-lembalatge-desmuntant-mites-i-apostant-per-un-us-responsable\\\/#primaryimage\"},\"thumbnailUrl\":\"https:\\\/\\\/www.coemmo.com\\\/wp-content\\\/uploads\\\/2025\\\/06\\\/plastico-en-embalaje.jpg\",\"inLanguage\":\"ca\"},{\"@type\":\"WebPage\",\"@id\":\"https:\\\/\\\/www.coemmo.com\\\/ca\\\/el-plastic-en-lembalatge-desmuntant-mites-i-apostant-per-un-us-responsable\\\/\",\"url\":\"https:\\\/\\\/www.coemmo.com\\\/ca\\\/el-plastic-en-lembalatge-desmuntant-mites-i-apostant-per-un-us-responsable\\\/\",\"name\":\"El pl\u00e0stic en l\u2019embalatge: desmuntant mites i apostant per un \u00fas responsable | COEMMO\",\"isPartOf\":{\"@id\":\"https:\\\/\\\/www.coemmo.com\\\/ca\\\/#website\"},\"primaryImageOfPage\":{\"@id\":\"https:\\\/\\\/www.coemmo.com\\\/ca\\\/el-plastic-en-lembalatge-desmuntant-mites-i-apostant-per-un-us-responsable\\\/#primaryimage\"},\"image\":{\"@id\":\"https:\\\/\\\/www.coemmo.com\\\/ca\\\/el-plastic-en-lembalatge-desmuntant-mites-i-apostant-per-un-us-responsable\\\/#primaryimage\"},\"thumbnailUrl\":\"https:\\\/\\\/www.coemmo.com\\\/wp-content\\\/uploads\\\/2025\\\/06\\\/plastico-en-embalaje.jpg\",\"datePublished\":\"2026-02-16T08:23:23+00:00\",\"dateModified\":\"2026-03-05T11:37:07+00:00\",\"description\":\"Durant els \u00faltims anys, el pl\u00e0stic s'ha associat de forma autom\u00e0tica amb un impacte ambiental negatiu. Tanmateix...\",\"breadcrumb\":{\"@id\":\"https:\\\/\\\/www.coemmo.com\\\/ca\\\/el-plastic-en-lembalatge-desmuntant-mites-i-apostant-per-un-us-responsable\\\/#breadcrumb\"},\"inLanguage\":\"ca\",\"potentialAction\":[{\"@type\":\"ReadAction\",\"target\":[\"https:\\\/\\\/www.coemmo.com\\\/ca\\\/el-plastic-en-lembalatge-desmuntant-mites-i-apostant-per-un-us-responsable\\\/\"]}]},{\"@type\":\"ImageObject\",\"inLanguage\":\"ca\",\"@id\":\"https:\\\/\\\/www.coemmo.com\\\/ca\\\/el-plastic-en-lembalatge-desmuntant-mites-i-apostant-per-un-us-responsable\\\/#primaryimage\",\"url\":\"https:\\\/\\\/www.coemmo.com\\\/wp-content\\\/uploads\\\/2025\\\/06\\\/plastico-en-embalaje.jpg\",\"contentUrl\":\"https:\\\/\\\/www.coemmo.com\\\/wp-content\\\/uploads\\\/2025\\\/06\\\/plastico-en-embalaje.jpg\",\"width\":1500,\"height\":1000,\"caption\":\"El pl\u00e0stic en l\u2019embalatge: mites, realitats i el cam\u00ed cap a un \u00fas responsable.\"},{\"@type\":\"BreadcrumbList\",\"@id\":\"https:\\\/\\\/www.coemmo.com\\\/ca\\\/el-plastic-en-lembalatge-desmuntant-mites-i-apostant-per-un-us-responsable\\\/#breadcrumb\",\"itemListElement\":[{\"@type\":\"ListItem\",\"position\":1,\"name\":\"Portada\",\"item\":\"https:\\\/\\\/www.coemmo.com\\\/ca\\\/\"},{\"@type\":\"ListItem\",\"position\":2,\"name\":\"El pl\u00e0stic en l\u2019embalatge: desmuntant mites i apostant per un \u00fas responsable\"}]},{\"@type\":\"WebSite\",\"@id\":\"https:\\\/\\\/www.coemmo.com\\\/ca\\\/#website\",\"url\":\"https:\\\/\\\/www.coemmo.com\\\/ca\\\/\",\"name\":\"COEMMO\",\"description\":\"Fabricamos soluciones de embalaje\",\"publisher\":{\"@id\":\"https:\\\/\\\/www.coemmo.com\\\/ca\\\/#organization\"},\"alternateName\":\"COEMMO Packaging\",\"potentialAction\":[{\"@type\":\"SearchAction\",\"target\":{\"@type\":\"EntryPoint\",\"urlTemplate\":\"https:\\\/\\\/www.coemmo.com\\\/ca\\\/?s={search_term_string}\"},\"query-input\":{\"@type\":\"PropertyValueSpecification\",\"valueRequired\":true,\"valueName\":\"search_term_string\"}}],\"inLanguage\":\"ca\"},{\"@type\":\"Organization\",\"@id\":\"https:\\\/\\\/www.coemmo.com\\\/ca\\\/#organization\",\"name\":\"COEMMO\",\"alternateName\":\"COEMMO Packaging\",\"url\":\"https:\\\/\\\/www.coemmo.com\\\/ca\\\/\",\"logo\":{\"@type\":\"ImageObject\",\"inLanguage\":\"ca\",\"@id\":\"https:\\\/\\\/www.coemmo.com\\\/ca\\\/#\\\/schema\\\/logo\\\/image\\\/\",\"url\":\"https:\\\/\\\/www.coemmo.com\\\/wp-content\\\/uploads\\\/2025\\\/06\\\/favicon.png\",\"contentUrl\":\"https:\\\/\\\/www.coemmo.com\\\/wp-content\\\/uploads\\\/2025\\\/06\\\/favicon.png\",\"width\":512,\"height\":512,\"caption\":\"COEMMO\"},\"image\":{\"@id\":\"https:\\\/\\\/www.coemmo.com\\\/ca\\\/#\\\/schema\\\/logo\\\/image\\\/\"},\"sameAs\":[\"https:\\\/\\\/www.linkedin.com\\\/company\\\/coemmo?originalSubdomain=es\"]},{\"@type\":\"Person\",\"@id\":\"https:\\\/\\\/www.coemmo.com\\\/ca\\\/#\\\/schema\\\/person\\\/704009a1f2a34e672c7699c09c1f7762\",\"name\":\"Comunicaci\u00f3 Integral Neorg\",\"image\":{\"@type\":\"ImageObject\",\"inLanguage\":\"ca\",\"@id\":\"https:\\\/\\\/secure.gravatar.com\\\/avatar\\\/709d3d8015183afa7401c02e2291a538cbfd4ffe62f4d86ce5f4871f22e86b09?s=96&d=mm&r=g\",\"url\":\"https:\\\/\\\/secure.gravatar.com\\\/avatar\\\/709d3d8015183afa7401c02e2291a538cbfd4ffe62f4d86ce5f4871f22e86b09?s=96&d=mm&r=g\",\"contentUrl\":\"https:\\\/\\\/secure.gravatar.com\\\/avatar\\\/709d3d8015183afa7401c02e2291a538cbfd4ffe62f4d86ce5f4871f22e86b09?s=96&d=mm&r=g\",\"caption\":\"Comunicaci\u00f3 Integral Neorg\"},\"sameAs\":[\"https:\\\/\\\/www.neorgsite.com\\\/\"]}]}<\/script>\n<!-- \/ Yoast SEO plugin. -->","yoast_head_json":{"title":"El pl\u00e0stic en l\u2019embalatge: desmuntant mites i apostant per un \u00fas responsable | COEMMO","description":"Durant els \u00faltims anys, el pl\u00e0stic s'ha associat de forma autom\u00e0tica amb un impacte ambiental negatiu. Tanmateix...","robots":{"index":"index","follow":"follow","max-snippet":"max-snippet:-1","max-image-preview":"max-image-preview:large","max-video-preview":"max-video-preview:-1"},"canonical":"https:\/\/www.coemmo.com\/ca\/el-plastic-en-lembalatge-desmuntant-mites-i-apostant-per-un-us-responsable\/","og_locale":"ca_ES","og_type":"article","og_title":"El pl\u00e0stic en l\u2019embalatge: desmuntant mites i apostant per un \u00fas responsable | COEMMO","og_description":"Durant els \u00faltims anys, el pl\u00e0stic s'ha associat de forma autom\u00e0tica amb un impacte ambiental negatiu. Tanmateix...","og_url":"https:\/\/www.coemmo.com\/ca\/el-plastic-en-lembalatge-desmuntant-mites-i-apostant-per-un-us-responsable\/","og_site_name":"COEMMO","article_published_time":"2026-02-16T08:23:23+00:00","article_modified_time":"2026-03-05T11:37:07+00:00","og_image":[{"width":1500,"height":1000,"url":"https:\/\/www.coemmo.com\/wp-content\/uploads\/2025\/06\/plastico-en-embalaje.jpg","type":"image\/jpeg"}],"author":"Comunicaci\u00f3 Integral Neorg","twitter_card":"summary_large_image","twitter_misc":{"Escrit per":"Comunicaci\u00f3 Integral Neorg","Temps estimat de lectura":"3 minut"},"schema":{"@context":"https:\/\/schema.org","@graph":[{"@type":"Article","@id":"https:\/\/www.coemmo.com\/ca\/el-plastic-en-lembalatge-desmuntant-mites-i-apostant-per-un-us-responsable\/#article","isPartOf":{"@id":"https:\/\/www.coemmo.com\/ca\/el-plastic-en-lembalatge-desmuntant-mites-i-apostant-per-un-us-responsable\/"},"author":{"name":"Comunicaci\u00f3 Integral Neorg","@id":"https:\/\/www.coemmo.com\/ca\/#\/schema\/person\/704009a1f2a34e672c7699c09c1f7762"},"headline":"El pl\u00e0stic en l\u2019embalatge: desmuntant mites i apostant per un \u00fas responsable","datePublished":"2026-02-16T08:23:23+00:00","dateModified":"2026-03-05T11:37:07+00:00","mainEntityOfPage":{"@id":"https:\/\/www.coemmo.com\/ca\/el-plastic-en-lembalatge-desmuntant-mites-i-apostant-per-un-us-responsable\/"},"wordCount":541,"publisher":{"@id":"https:\/\/www.coemmo.com\/ca\/#organization"},"image":{"@id":"https:\/\/www.coemmo.com\/ca\/el-plastic-en-lembalatge-desmuntant-mites-i-apostant-per-un-us-responsable\/#primaryimage"},"thumbnailUrl":"https:\/\/www.coemmo.com\/wp-content\/uploads\/2025\/06\/plastico-en-embalaje.jpg","inLanguage":"ca"},{"@type":"WebPage","@id":"https:\/\/www.coemmo.com\/ca\/el-plastic-en-lembalatge-desmuntant-mites-i-apostant-per-un-us-responsable\/","url":"https:\/\/www.coemmo.com\/ca\/el-plastic-en-lembalatge-desmuntant-mites-i-apostant-per-un-us-responsable\/","name":"El pl\u00e0stic en l\u2019embalatge: desmuntant mites i apostant per un \u00fas responsable | COEMMO","isPartOf":{"@id":"https:\/\/www.coemmo.com\/ca\/#website"},"primaryImageOfPage":{"@id":"https:\/\/www.coemmo.com\/ca\/el-plastic-en-lembalatge-desmuntant-mites-i-apostant-per-un-us-responsable\/#primaryimage"},"image":{"@id":"https:\/\/www.coemmo.com\/ca\/el-plastic-en-lembalatge-desmuntant-mites-i-apostant-per-un-us-responsable\/#primaryimage"},"thumbnailUrl":"https:\/\/www.coemmo.com\/wp-content\/uploads\/2025\/06\/plastico-en-embalaje.jpg","datePublished":"2026-02-16T08:23:23+00:00","dateModified":"2026-03-05T11:37:07+00:00","description":"Durant els \u00faltims anys, el pl\u00e0stic s'ha associat de forma autom\u00e0tica amb un impacte ambiental negatiu. Tanmateix...","breadcrumb":{"@id":"https:\/\/www.coemmo.com\/ca\/el-plastic-en-lembalatge-desmuntant-mites-i-apostant-per-un-us-responsable\/#breadcrumb"},"inLanguage":"ca","potentialAction":[{"@type":"ReadAction","target":["https:\/\/www.coemmo.com\/ca\/el-plastic-en-lembalatge-desmuntant-mites-i-apostant-per-un-us-responsable\/"]}]},{"@type":"ImageObject","inLanguage":"ca","@id":"https:\/\/www.coemmo.com\/ca\/el-plastic-en-lembalatge-desmuntant-mites-i-apostant-per-un-us-responsable\/#primaryimage","url":"https:\/\/www.coemmo.com\/wp-content\/uploads\/2025\/06\/plastico-en-embalaje.jpg","contentUrl":"https:\/\/www.coemmo.com\/wp-content\/uploads\/2025\/06\/plastico-en-embalaje.jpg","width":1500,"height":1000,"caption":"El pl\u00e0stic en l\u2019embalatge: mites, realitats i el cam\u00ed cap a un \u00fas responsable."},{"@type":"BreadcrumbList","@id":"https:\/\/www.coemmo.com\/ca\/el-plastic-en-lembalatge-desmuntant-mites-i-apostant-per-un-us-responsable\/#breadcrumb","itemListElement":[{"@type":"ListItem","position":1,"name":"Portada","item":"https:\/\/www.coemmo.com\/ca\/"},{"@type":"ListItem","position":2,"name":"El pl\u00e0stic en l\u2019embalatge: desmuntant mites i apostant per un \u00fas responsable"}]},{"@type":"WebSite","@id":"https:\/\/www.coemmo.com\/ca\/#website","url":"https:\/\/www.coemmo.com\/ca\/","name":"COEMMO","description":"Fabricamos soluciones de embalaje","publisher":{"@id":"https:\/\/www.coemmo.com\/ca\/#organization"},"alternateName":"COEMMO Packaging","potentialAction":[{"@type":"SearchAction","target":{"@type":"EntryPoint","urlTemplate":"https:\/\/www.coemmo.com\/ca\/?s={search_term_string}"},"query-input":{"@type":"PropertyValueSpecification","valueRequired":true,"valueName":"search_term_string"}}],"inLanguage":"ca"},{"@type":"Organization","@id":"https:\/\/www.coemmo.com\/ca\/#organization","name":"COEMMO","alternateName":"COEMMO Packaging","url":"https:\/\/www.coemmo.com\/ca\/","logo":{"@type":"ImageObject","inLanguage":"ca","@id":"https:\/\/www.coemmo.com\/ca\/#\/schema\/logo\/image\/","url":"https:\/\/www.coemmo.com\/wp-content\/uploads\/2025\/06\/favicon.png","contentUrl":"https:\/\/www.coemmo.com\/wp-content\/uploads\/2025\/06\/favicon.png","width":512,"height":512,"caption":"COEMMO"},"image":{"@id":"https:\/\/www.coemmo.com\/ca\/#\/schema\/logo\/image\/"},"sameAs":["https:\/\/www.linkedin.com\/company\/coemmo?originalSubdomain=es"]},{"@type":"Person","@id":"https:\/\/www.coemmo.com\/ca\/#\/schema\/person\/704009a1f2a34e672c7699c09c1f7762","name":"Comunicaci\u00f3 Integral Neorg","image":{"@type":"ImageObject","inLanguage":"ca","@id":"https:\/\/secure.gravatar.com\/avatar\/709d3d8015183afa7401c02e2291a538cbfd4ffe62f4d86ce5f4871f22e86b09?s=96&d=mm&r=g","url":"https:\/\/secure.gravatar.com\/avatar\/709d3d8015183afa7401c02e2291a538cbfd4ffe62f4d86ce5f4871f22e86b09?s=96&d=mm&r=g","contentUrl":"https:\/\/secure.gravatar.com\/avatar\/709d3d8015183afa7401c02e2291a538cbfd4ffe62f4d86ce5f4871f22e86b09?s=96&d=mm&r=g","caption":"Comunicaci\u00f3 Integral Neorg"},"sameAs":["https:\/\/www.neorgsite.com\/"]}]}},"_links":{"self":[{"href":"https:\/\/www.coemmo.com\/ca\/wp-json\/wp\/v2\/posts\/7941","targetHints":{"allow":["GET"]}}],"collection":[{"href":"https:\/\/www.coemmo.com\/ca\/wp-json\/wp\/v2\/posts"}],"about":[{"href":"https:\/\/www.coemmo.com\/ca\/wp-json\/wp\/v2\/types\/post"}],"author":[{"embeddable":true,"href":"https:\/\/www.coemmo.com\/ca\/wp-json\/wp\/v2\/users\/1"}],"replies":[{"embeddable":true,"href":"https:\/\/www.coemmo.com\/ca\/wp-json\/wp\/v2\/comments?post=7941"}],"version-history":[{"count":2,"href":"https:\/\/www.coemmo.com\/ca\/wp-json\/wp\/v2\/posts\/7941\/revisions"}],"predecessor-version":[{"id":9265,"href":"https:\/\/www.coemmo.com\/ca\/wp-json\/wp\/v2\/posts\/7941\/revisions\/9265"}],"wp:featuredmedia":[{"embeddable":true,"href":"https:\/\/www.coemmo.com\/ca\/wp-json\/wp\/v2\/media\/7942"}],"wp:attachment":[{"href":"https:\/\/www.coemmo.com\/ca\/wp-json\/wp\/v2\/media?parent=7941"}],"wp:term":[{"taxonomy":"category","embeddable":true,"href":"https:\/\/www.coemmo.com\/ca\/wp-json\/wp\/v2\/categories?post=7941"},{"taxonomy":"post_tag","embeddable":true,"href":"https:\/\/www.coemmo.com\/ca\/wp-json\/wp\/v2\/tags?post=7941"}],"curies":[{"name":"wp","href":"https:\/\/api.w.org\/{rel}","templated":true}]}}