{"id":7939,"date":"2025-12-21T09:57:07","date_gmt":"2025-12-21T08:57:07","guid":{"rendered":"https:\/\/www.coemmo.com\/tendencies-en-packaging-e-commerce-sostenibilitat-i-personalitzacio\/"},"modified":"2026-03-05T11:31:01","modified_gmt":"2026-03-05T10:31:01","slug":"tendencies-en-packaging-e-commerce-sostenibilitat-i-personalitzacio","status":"publish","type":"post","link":"https:\/\/www.coemmo.com\/ca\/tendencies-en-packaging-e-commerce-sostenibilitat-i-personalitzacio\/","title":{"rendered":"Tend\u00e8ncies en packaging e-commerce: sostenibilitat i personalitzaci\u00f3"},"content":{"rendered":"<p>El creixement del comer\u00e7 electr\u00f2nic est\u00e0 transformant el disseny dels embalatges. Les empreses busquen solucions m\u00e9s lleugeres, resistents i sostenibles que protegeixin el producte durant el transport i millorin l&#8217;experi\u00e8ncia de lliurament.<\/p>\n<p>La reducci\u00f3 de pes, l&#8217;\u00fas de materials reciclables i l&#8217;optimitzaci\u00f3 del volum ajuden a disminuir costos log\u00edstics i l&#8217;impacte ambiental. Al mateix temps, la personalitzaci\u00f3 del packaging refor\u00e7a la imatge de marca.<\/p>\n<p>A COEMMO estem a la vostra disposici\u00f3 per desenvolupar els embalatges m\u00e9s indicats per al vostre producte, creant solucions a mida que combinin protecci\u00f3, sostenibilitat i presentaci\u00f3 professional.<\/p>\n<ul>\n<li>Materials lleugers i reciclables<\/li>\n<li>Optimitzaci\u00f3 de l&#8217;espai d&#8217;enviament<\/li>\n<li>Protecci\u00f3 adaptada a cada producte<\/li>\n<li>Packaging personalitzat<\/li>\n<\/ul>\n","protected":false},"excerpt":{"rendered":"<p>El creixement del comer\u00e7 electr\u00f2nic est\u00e0 transformant el disseny dels embalatges. Les empreses busquen solucions m\u00e9s lleugeres, resistents i sostenibles que protegeixin el producte durant el transport i millorin l&#8217;experi\u00e8ncia de lliurament. La reducci\u00f3 de pes, l&#8217;\u00fas de materials reciclables i l&#8217;optimitzaci\u00f3 del volum ajuden a disminuir costos log\u00edstics i l&#8217;impacte ambiental. Al mateix temps,&hellip;&nbsp;<\/p>\n","protected":false},"author":1,"featured_media":7940,"comment_status":"closed","ping_status":"closed","sticky":false,"template":"","format":"standard","meta":{"_acf_changed":false,"neve_meta_sidebar":"","neve_meta_container":"","neve_meta_enable_content_width":"off","neve_meta_content_width":70,"neve_meta_title_alignment":"","neve_meta_author_avatar":"","neve_post_elements_order":"","neve_meta_disable_header":"","neve_meta_disable_footer":"","neve_meta_disable_title":"","footnotes":""},"categories":[],"tags":[],"class_list":["post-7939","post","type-post","status-publish","format-standard","has-post-thumbnail","hentry"],"acf":[],"yoast_head":"<!-- This site is optimized with the Yoast SEO plugin v27.4 - https:\/\/yoast.com\/product\/yoast-seo-wordpress\/ -->\n<title>Tend\u00e8ncies en packaging e-commerce: sostenibilitat i personalitzaci\u00f3 | COEMMO<\/title>\n<meta name=\"description\" content=\"El creixement del comer\u00e7 electr\u00f2nic est\u00e0 transformant el disseny dels embalatges. Les empreses busquen solucions lleugeres i resistents.\" \/>\n<meta name=\"robots\" content=\"index, follow, max-snippet:-1, max-image-preview:large, max-video-preview:-1\" \/>\n<link rel=\"canonical\" href=\"https:\/\/www.coemmo.com\/ca\/tendencies-en-packaging-e-commerce-sostenibilitat-i-personalitzacio\/\" \/>\n<meta property=\"og:locale\" content=\"ca_ES\" \/>\n<meta property=\"og:type\" content=\"article\" \/>\n<meta property=\"og:title\" content=\"Tend\u00e8ncies en packaging e-commerce: sostenibilitat i personalitzaci\u00f3 | COEMMO\" \/>\n<meta property=\"og:description\" content=\"El creixement del comer\u00e7 electr\u00f2nic est\u00e0 transformant el disseny dels embalatges. Les empreses busquen solucions lleugeres i resistents.\" \/>\n<meta property=\"og:url\" content=\"https:\/\/www.coemmo.com\/ca\/tendencies-en-packaging-e-commerce-sostenibilitat-i-personalitzacio\/\" \/>\n<meta property=\"og:site_name\" content=\"COEMMO\" \/>\n<meta property=\"article:published_time\" content=\"2025-12-21T08:57:07+00:00\" \/>\n<meta property=\"article:modified_time\" content=\"2026-03-05T10:31:01+00:00\" \/>\n<meta property=\"og:image\" content=\"https:\/\/www.coemmo.com\/wp-content\/uploads\/2026\/02\/tendencias-packaging-e-commerce.jpg\" \/>\n\t<meta property=\"og:image:width\" content=\"1500\" \/>\n\t<meta property=\"og:image:height\" content=\"1000\" \/>\n\t<meta property=\"og:image:type\" content=\"image\/jpeg\" \/>\n<meta name=\"author\" content=\"Comunicaci\u00f3 Integral Neorg\" \/>\n<meta name=\"twitter:card\" content=\"summary_large_image\" \/>\n<meta name=\"twitter:label1\" content=\"Escrit per\" \/>\n\t<meta name=\"twitter:data1\" content=\"Comunicaci\u00f3 Integral Neorg\" \/>\n\t<meta name=\"twitter:label2\" content=\"Temps estimat de lectura\" \/>\n\t<meta name=\"twitter:data2\" content=\"1 minut\" \/>\n<script type=\"application\/ld+json\" class=\"yoast-schema-graph\">{\"@context\":\"https:\\\/\\\/schema.org\",\"@graph\":[{\"@type\":\"Article\",\"@id\":\"https:\\\/\\\/www.coemmo.com\\\/ca\\\/tendencies-en-packaging-e-commerce-sostenibilitat-i-personalitzacio\\\/#article\",\"isPartOf\":{\"@id\":\"https:\\\/\\\/www.coemmo.com\\\/ca\\\/tendencies-en-packaging-e-commerce-sostenibilitat-i-personalitzacio\\\/\"},\"author\":{\"name\":\"Comunicaci\u00f3 Integral Neorg\",\"@id\":\"https:\\\/\\\/www.coemmo.com\\\/ca\\\/#\\\/schema\\\/person\\\/704009a1f2a34e672c7699c09c1f7762\"},\"headline\":\"Tend\u00e8ncies en packaging e-commerce: sostenibilitat i personalitzaci\u00f3\",\"datePublished\":\"2025-12-21T08:57:07+00:00\",\"dateModified\":\"2026-03-05T10:31:01+00:00\",\"mainEntityOfPage\":{\"@id\":\"https:\\\/\\\/www.coemmo.com\\\/ca\\\/tendencies-en-packaging-e-commerce-sostenibilitat-i-personalitzacio\\\/\"},\"wordCount\":127,\"publisher\":{\"@id\":\"https:\\\/\\\/www.coemmo.com\\\/ca\\\/#organization\"},\"image\":{\"@id\":\"https:\\\/\\\/www.coemmo.com\\\/ca\\\/tendencies-en-packaging-e-commerce-sostenibilitat-i-personalitzacio\\\/#primaryimage\"},\"thumbnailUrl\":\"https:\\\/\\\/www.coemmo.com\\\/wp-content\\\/uploads\\\/2026\\\/02\\\/tendencias-packaging-e-commerce.jpg\",\"inLanguage\":\"ca\"},{\"@type\":\"WebPage\",\"@id\":\"https:\\\/\\\/www.coemmo.com\\\/ca\\\/tendencies-en-packaging-e-commerce-sostenibilitat-i-personalitzacio\\\/\",\"url\":\"https:\\\/\\\/www.coemmo.com\\\/ca\\\/tendencies-en-packaging-e-commerce-sostenibilitat-i-personalitzacio\\\/\",\"name\":\"Tend\u00e8ncies en packaging e-commerce: sostenibilitat i personalitzaci\u00f3 | COEMMO\",\"isPartOf\":{\"@id\":\"https:\\\/\\\/www.coemmo.com\\\/ca\\\/#website\"},\"primaryImageOfPage\":{\"@id\":\"https:\\\/\\\/www.coemmo.com\\\/ca\\\/tendencies-en-packaging-e-commerce-sostenibilitat-i-personalitzacio\\\/#primaryimage\"},\"image\":{\"@id\":\"https:\\\/\\\/www.coemmo.com\\\/ca\\\/tendencies-en-packaging-e-commerce-sostenibilitat-i-personalitzacio\\\/#primaryimage\"},\"thumbnailUrl\":\"https:\\\/\\\/www.coemmo.com\\\/wp-content\\\/uploads\\\/2026\\\/02\\\/tendencias-packaging-e-commerce.jpg\",\"datePublished\":\"2025-12-21T08:57:07+00:00\",\"dateModified\":\"2026-03-05T10:31:01+00:00\",\"description\":\"El creixement del comer\u00e7 electr\u00f2nic est\u00e0 transformant el disseny dels embalatges. Les empreses busquen solucions lleugeres i resistents.\",\"breadcrumb\":{\"@id\":\"https:\\\/\\\/www.coemmo.com\\\/ca\\\/tendencies-en-packaging-e-commerce-sostenibilitat-i-personalitzacio\\\/#breadcrumb\"},\"inLanguage\":\"ca\",\"potentialAction\":[{\"@type\":\"ReadAction\",\"target\":[\"https:\\\/\\\/www.coemmo.com\\\/ca\\\/tendencies-en-packaging-e-commerce-sostenibilitat-i-personalitzacio\\\/\"]}]},{\"@type\":\"ImageObject\",\"inLanguage\":\"ca\",\"@id\":\"https:\\\/\\\/www.coemmo.com\\\/ca\\\/tendencies-en-packaging-e-commerce-sostenibilitat-i-personalitzacio\\\/#primaryimage\",\"url\":\"https:\\\/\\\/www.coemmo.com\\\/wp-content\\\/uploads\\\/2026\\\/02\\\/tendencias-packaging-e-commerce.jpg\",\"contentUrl\":\"https:\\\/\\\/www.coemmo.com\\\/wp-content\\\/uploads\\\/2026\\\/02\\\/tendencias-packaging-e-commerce.jpg\",\"width\":1500,\"height\":1000,\"caption\":\"Packaging e-commerce sostenible i personalitzat: protegeixi el seu producte i potenci\u00ef la seva marca.\"},{\"@type\":\"BreadcrumbList\",\"@id\":\"https:\\\/\\\/www.coemmo.com\\\/ca\\\/tendencies-en-packaging-e-commerce-sostenibilitat-i-personalitzacio\\\/#breadcrumb\",\"itemListElement\":[{\"@type\":\"ListItem\",\"position\":1,\"name\":\"Portada\",\"item\":\"https:\\\/\\\/www.coemmo.com\\\/ca\\\/\"},{\"@type\":\"ListItem\",\"position\":2,\"name\":\"Tend\u00e8ncies en packaging e-commerce: sostenibilitat i personalitzaci\u00f3\"}]},{\"@type\":\"WebSite\",\"@id\":\"https:\\\/\\\/www.coemmo.com\\\/ca\\\/#website\",\"url\":\"https:\\\/\\\/www.coemmo.com\\\/ca\\\/\",\"name\":\"COEMMO\",\"description\":\"Fabricamos soluciones de embalaje\",\"publisher\":{\"@id\":\"https:\\\/\\\/www.coemmo.com\\\/ca\\\/#organization\"},\"alternateName\":\"COEMMO Packaging\",\"potentialAction\":[{\"@type\":\"SearchAction\",\"target\":{\"@type\":\"EntryPoint\",\"urlTemplate\":\"https:\\\/\\\/www.coemmo.com\\\/ca\\\/?s={search_term_string}\"},\"query-input\":{\"@type\":\"PropertyValueSpecification\",\"valueRequired\":true,\"valueName\":\"search_term_string\"}}],\"inLanguage\":\"ca\"},{\"@type\":\"Organization\",\"@id\":\"https:\\\/\\\/www.coemmo.com\\\/ca\\\/#organization\",\"name\":\"COEMMO\",\"alternateName\":\"COEMMO Packaging\",\"url\":\"https:\\\/\\\/www.coemmo.com\\\/ca\\\/\",\"logo\":{\"@type\":\"ImageObject\",\"inLanguage\":\"ca\",\"@id\":\"https:\\\/\\\/www.coemmo.com\\\/ca\\\/#\\\/schema\\\/logo\\\/image\\\/\",\"url\":\"https:\\\/\\\/www.coemmo.com\\\/wp-content\\\/uploads\\\/2025\\\/06\\\/favicon.png\",\"contentUrl\":\"https:\\\/\\\/www.coemmo.com\\\/wp-content\\\/uploads\\\/2025\\\/06\\\/favicon.png\",\"width\":512,\"height\":512,\"caption\":\"COEMMO\"},\"image\":{\"@id\":\"https:\\\/\\\/www.coemmo.com\\\/ca\\\/#\\\/schema\\\/logo\\\/image\\\/\"},\"sameAs\":[\"https:\\\/\\\/www.linkedin.com\\\/company\\\/coemmo?originalSubdomain=es\"]},{\"@type\":\"Person\",\"@id\":\"https:\\\/\\\/www.coemmo.com\\\/ca\\\/#\\\/schema\\\/person\\\/704009a1f2a34e672c7699c09c1f7762\",\"name\":\"Comunicaci\u00f3 Integral Neorg\",\"image\":{\"@type\":\"ImageObject\",\"inLanguage\":\"ca\",\"@id\":\"https:\\\/\\\/secure.gravatar.com\\\/avatar\\\/709d3d8015183afa7401c02e2291a538cbfd4ffe62f4d86ce5f4871f22e86b09?s=96&d=mm&r=g\",\"url\":\"https:\\\/\\\/secure.gravatar.com\\\/avatar\\\/709d3d8015183afa7401c02e2291a538cbfd4ffe62f4d86ce5f4871f22e86b09?s=96&d=mm&r=g\",\"contentUrl\":\"https:\\\/\\\/secure.gravatar.com\\\/avatar\\\/709d3d8015183afa7401c02e2291a538cbfd4ffe62f4d86ce5f4871f22e86b09?s=96&d=mm&r=g\",\"caption\":\"Comunicaci\u00f3 Integral Neorg\"},\"sameAs\":[\"https:\\\/\\\/www.neorgsite.com\\\/\"]}]}<\/script>\n<!-- \/ Yoast SEO plugin. -->","yoast_head_json":{"title":"Tend\u00e8ncies en packaging e-commerce: sostenibilitat i personalitzaci\u00f3 | COEMMO","description":"El creixement del comer\u00e7 electr\u00f2nic est\u00e0 transformant el disseny dels embalatges. Les empreses busquen solucions lleugeres i resistents.","robots":{"index":"index","follow":"follow","max-snippet":"max-snippet:-1","max-image-preview":"max-image-preview:large","max-video-preview":"max-video-preview:-1"},"canonical":"https:\/\/www.coemmo.com\/ca\/tendencies-en-packaging-e-commerce-sostenibilitat-i-personalitzacio\/","og_locale":"ca_ES","og_type":"article","og_title":"Tend\u00e8ncies en packaging e-commerce: sostenibilitat i personalitzaci\u00f3 | COEMMO","og_description":"El creixement del comer\u00e7 electr\u00f2nic est\u00e0 transformant el disseny dels embalatges. Les empreses busquen solucions lleugeres i resistents.","og_url":"https:\/\/www.coemmo.com\/ca\/tendencies-en-packaging-e-commerce-sostenibilitat-i-personalitzacio\/","og_site_name":"COEMMO","article_published_time":"2025-12-21T08:57:07+00:00","article_modified_time":"2026-03-05T10:31:01+00:00","og_image":[{"width":1500,"height":1000,"url":"https:\/\/www.coemmo.com\/wp-content\/uploads\/2026\/02\/tendencias-packaging-e-commerce.jpg","type":"image\/jpeg"}],"author":"Comunicaci\u00f3 Integral Neorg","twitter_card":"summary_large_image","twitter_misc":{"Escrit per":"Comunicaci\u00f3 Integral Neorg","Temps estimat de lectura":"1 minut"},"schema":{"@context":"https:\/\/schema.org","@graph":[{"@type":"Article","@id":"https:\/\/www.coemmo.com\/ca\/tendencies-en-packaging-e-commerce-sostenibilitat-i-personalitzacio\/#article","isPartOf":{"@id":"https:\/\/www.coemmo.com\/ca\/tendencies-en-packaging-e-commerce-sostenibilitat-i-personalitzacio\/"},"author":{"name":"Comunicaci\u00f3 Integral Neorg","@id":"https:\/\/www.coemmo.com\/ca\/#\/schema\/person\/704009a1f2a34e672c7699c09c1f7762"},"headline":"Tend\u00e8ncies en packaging e-commerce: sostenibilitat i personalitzaci\u00f3","datePublished":"2025-12-21T08:57:07+00:00","dateModified":"2026-03-05T10:31:01+00:00","mainEntityOfPage":{"@id":"https:\/\/www.coemmo.com\/ca\/tendencies-en-packaging-e-commerce-sostenibilitat-i-personalitzacio\/"},"wordCount":127,"publisher":{"@id":"https:\/\/www.coemmo.com\/ca\/#organization"},"image":{"@id":"https:\/\/www.coemmo.com\/ca\/tendencies-en-packaging-e-commerce-sostenibilitat-i-personalitzacio\/#primaryimage"},"thumbnailUrl":"https:\/\/www.coemmo.com\/wp-content\/uploads\/2026\/02\/tendencias-packaging-e-commerce.jpg","inLanguage":"ca"},{"@type":"WebPage","@id":"https:\/\/www.coemmo.com\/ca\/tendencies-en-packaging-e-commerce-sostenibilitat-i-personalitzacio\/","url":"https:\/\/www.coemmo.com\/ca\/tendencies-en-packaging-e-commerce-sostenibilitat-i-personalitzacio\/","name":"Tend\u00e8ncies en packaging e-commerce: sostenibilitat i personalitzaci\u00f3 | COEMMO","isPartOf":{"@id":"https:\/\/www.coemmo.com\/ca\/#website"},"primaryImageOfPage":{"@id":"https:\/\/www.coemmo.com\/ca\/tendencies-en-packaging-e-commerce-sostenibilitat-i-personalitzacio\/#primaryimage"},"image":{"@id":"https:\/\/www.coemmo.com\/ca\/tendencies-en-packaging-e-commerce-sostenibilitat-i-personalitzacio\/#primaryimage"},"thumbnailUrl":"https:\/\/www.coemmo.com\/wp-content\/uploads\/2026\/02\/tendencias-packaging-e-commerce.jpg","datePublished":"2025-12-21T08:57:07+00:00","dateModified":"2026-03-05T10:31:01+00:00","description":"El creixement del comer\u00e7 electr\u00f2nic est\u00e0 transformant el disseny dels embalatges. Les empreses busquen solucions lleugeres i resistents.","breadcrumb":{"@id":"https:\/\/www.coemmo.com\/ca\/tendencies-en-packaging-e-commerce-sostenibilitat-i-personalitzacio\/#breadcrumb"},"inLanguage":"ca","potentialAction":[{"@type":"ReadAction","target":["https:\/\/www.coemmo.com\/ca\/tendencies-en-packaging-e-commerce-sostenibilitat-i-personalitzacio\/"]}]},{"@type":"ImageObject","inLanguage":"ca","@id":"https:\/\/www.coemmo.com\/ca\/tendencies-en-packaging-e-commerce-sostenibilitat-i-personalitzacio\/#primaryimage","url":"https:\/\/www.coemmo.com\/wp-content\/uploads\/2026\/02\/tendencias-packaging-e-commerce.jpg","contentUrl":"https:\/\/www.coemmo.com\/wp-content\/uploads\/2026\/02\/tendencias-packaging-e-commerce.jpg","width":1500,"height":1000,"caption":"Packaging e-commerce sostenible i personalitzat: protegeixi el seu producte i potenci\u00ef la seva marca."},{"@type":"BreadcrumbList","@id":"https:\/\/www.coemmo.com\/ca\/tendencies-en-packaging-e-commerce-sostenibilitat-i-personalitzacio\/#breadcrumb","itemListElement":[{"@type":"ListItem","position":1,"name":"Portada","item":"https:\/\/www.coemmo.com\/ca\/"},{"@type":"ListItem","position":2,"name":"Tend\u00e8ncies en packaging e-commerce: sostenibilitat i personalitzaci\u00f3"}]},{"@type":"WebSite","@id":"https:\/\/www.coemmo.com\/ca\/#website","url":"https:\/\/www.coemmo.com\/ca\/","name":"COEMMO","description":"Fabricamos soluciones de embalaje","publisher":{"@id":"https:\/\/www.coemmo.com\/ca\/#organization"},"alternateName":"COEMMO Packaging","potentialAction":[{"@type":"SearchAction","target":{"@type":"EntryPoint","urlTemplate":"https:\/\/www.coemmo.com\/ca\/?s={search_term_string}"},"query-input":{"@type":"PropertyValueSpecification","valueRequired":true,"valueName":"search_term_string"}}],"inLanguage":"ca"},{"@type":"Organization","@id":"https:\/\/www.coemmo.com\/ca\/#organization","name":"COEMMO","alternateName":"COEMMO Packaging","url":"https:\/\/www.coemmo.com\/ca\/","logo":{"@type":"ImageObject","inLanguage":"ca","@id":"https:\/\/www.coemmo.com\/ca\/#\/schema\/logo\/image\/","url":"https:\/\/www.coemmo.com\/wp-content\/uploads\/2025\/06\/favicon.png","contentUrl":"https:\/\/www.coemmo.com\/wp-content\/uploads\/2025\/06\/favicon.png","width":512,"height":512,"caption":"COEMMO"},"image":{"@id":"https:\/\/www.coemmo.com\/ca\/#\/schema\/logo\/image\/"},"sameAs":["https:\/\/www.linkedin.com\/company\/coemmo?originalSubdomain=es"]},{"@type":"Person","@id":"https:\/\/www.coemmo.com\/ca\/#\/schema\/person\/704009a1f2a34e672c7699c09c1f7762","name":"Comunicaci\u00f3 Integral Neorg","image":{"@type":"ImageObject","inLanguage":"ca","@id":"https:\/\/secure.gravatar.com\/avatar\/709d3d8015183afa7401c02e2291a538cbfd4ffe62f4d86ce5f4871f22e86b09?s=96&d=mm&r=g","url":"https:\/\/secure.gravatar.com\/avatar\/709d3d8015183afa7401c02e2291a538cbfd4ffe62f4d86ce5f4871f22e86b09?s=96&d=mm&r=g","contentUrl":"https:\/\/secure.gravatar.com\/avatar\/709d3d8015183afa7401c02e2291a538cbfd4ffe62f4d86ce5f4871f22e86b09?s=96&d=mm&r=g","caption":"Comunicaci\u00f3 Integral Neorg"},"sameAs":["https:\/\/www.neorgsite.com\/"]}]}},"_links":{"self":[{"href":"https:\/\/www.coemmo.com\/ca\/wp-json\/wp\/v2\/posts\/7939","targetHints":{"allow":["GET"]}}],"collection":[{"href":"https:\/\/www.coemmo.com\/ca\/wp-json\/wp\/v2\/posts"}],"about":[{"href":"https:\/\/www.coemmo.com\/ca\/wp-json\/wp\/v2\/types\/post"}],"author":[{"embeddable":true,"href":"https:\/\/www.coemmo.com\/ca\/wp-json\/wp\/v2\/users\/1"}],"replies":[{"embeddable":true,"href":"https:\/\/www.coemmo.com\/ca\/wp-json\/wp\/v2\/comments?post=7939"}],"version-history":[{"count":1,"href":"https:\/\/www.coemmo.com\/ca\/wp-json\/wp\/v2\/posts\/7939\/revisions"}],"predecessor-version":[{"id":9260,"href":"https:\/\/www.coemmo.com\/ca\/wp-json\/wp\/v2\/posts\/7939\/revisions\/9260"}],"wp:featuredmedia":[{"embeddable":true,"href":"https:\/\/www.coemmo.com\/ca\/wp-json\/wp\/v2\/media\/7940"}],"wp:attachment":[{"href":"https:\/\/www.coemmo.com\/ca\/wp-json\/wp\/v2\/media?parent=7939"}],"wp:term":[{"taxonomy":"category","embeddable":true,"href":"https:\/\/www.coemmo.com\/ca\/wp-json\/wp\/v2\/categories?post=7939"},{"taxonomy":"post_tag","embeddable":true,"href":"https:\/\/www.coemmo.com\/ca\/wp-json\/wp\/v2\/tags?post=7939"}],"curies":[{"name":"wp","href":"https:\/\/api.w.org\/{rel}","templated":true}]}}