{"id":7926,"date":"2026-01-19T09:23:23","date_gmt":"2026-01-19T08:23:23","guid":{"rendered":"https:\/\/www.coemmo.com\/per-que-lembalatge-pot-fallar-sense-una-proteccio-embuatada-adequada\/"},"modified":"2026-03-05T11:24:29","modified_gmt":"2026-03-05T10:24:29","slug":"per-que-lembalatge-pot-fallar-sense-una-proteccio-embuatada-adequada","status":"publish","type":"post","link":"https:\/\/www.coemmo.com\/ca\/per-que-lembalatge-pot-fallar-sense-una-proteccio-embuatada-adequada\/","title":{"rendered":"Per qu\u00e8 l&#8217;embalatge pot fallar sense una protecci\u00f3 embuatada adequada"},"content":{"rendered":"<p>Un <strong>embalatge sense la protecci\u00f3 interna adequada<\/strong> \u2014com ara escuma o materials d&#8217;amortiment\u2014 pot no ser suficient per protegir un producte durant el transport, fins i tot quan el contenidor extern (com una caixa de cartr\u00f3) sembla robust. El problema m\u00e9s habitual \u00e9s que, <strong>sense un embuatat efica\u00e7<\/strong>, l&#8217;objecte pot moure&#8217;s dins del paquet i patir impactes o vibracions que provoquen danys o trencaments.<\/p>\n<p>Un dels errors m\u00e9s freq\u00fcents que observa la ind\u00fastria de l&#8217;embalatge \u00e9s utilitzar <strong>bombolla o escuma sense tenir en compte la immobilitzaci\u00f3 del producte<\/strong> dins del contenidor. La bombolla pot esmorteir parcialment un xoc per\u00f2 <strong>no immobilitza per si sola el contingut<\/strong>; si hi ha buits o espais lliures, el producte pot despla\u00e7ar-se i rebre impactes repetits durant el transport.<\/p>\n<p>De la mateixa manera, quan la protecci\u00f3 interna \u00e9s insuficient \u2014per exemple, massa poca escuma o bombolla en relaci\u00f3 amb la mida del producte o de la caixa\u2014 augmenta el risc que l&#8217;embalatge no compleixi la seva funci\u00f3 principal: <strong>protegir davant de cops, vibracions i moviments.<\/strong><\/p>\n<p>Aquest tipus de fallades no nom\u00e9s es tradueix en danys materials, sin\u00f3 que pot causar <strong>reclamacions, devolucions i una mala experi\u00e8ncia per al client<\/strong>. Per evitar-ho, es recomana <strong>dissenyar l&#8217;embalatge integrant materials embuatats com escuma t\u00e8cnica, combinats amb cartr\u00f3 ondulat i materials de farciment<\/strong>, de manera que el producte quedi <strong>immobilitzat i esmorte\u00eft<\/strong> davant de totes les direccions d&#8217;impacte.<\/p>\n<p>A <strong>COEMMO<\/strong> estem a la vostra disposici\u00f3 per desenvolupar solucions d&#8217;embalatge que publiquin els materials m\u00e9s indicats \u2014cartr\u00f3, escumes i embuatats personalitzats\u2014 garantint que el vostre producte arribi en perfecte estat a la destinaci\u00f3 esperada.<\/p>\n","protected":false},"excerpt":{"rendered":"<p>Un embalatge sense la protecci\u00f3 interna adequada \u2014com ara escuma o materials d&#8217;amortiment\u2014 pot no ser suficient per protegir un producte durant el transport, fins i tot quan el contenidor extern (com una caixa de cartr\u00f3) sembla robust. El problema m\u00e9s habitual \u00e9s que, sense un embuatat efica\u00e7, l&#8217;objecte pot moure&#8217;s dins del paquet i&hellip;&nbsp;<\/p>\n","protected":false},"author":1,"featured_media":7927,"comment_status":"closed","ping_status":"closed","sticky":false,"template":"","format":"standard","meta":{"_acf_changed":false,"neve_meta_sidebar":"","neve_meta_container":"","neve_meta_enable_content_width":"off","neve_meta_content_width":70,"neve_meta_title_alignment":"","neve_meta_author_avatar":"","neve_post_elements_order":"","neve_meta_disable_header":"","neve_meta_disable_footer":"","neve_meta_disable_title":"","footnotes":""},"categories":[112],"tags":[],"class_list":["post-7926","post","type-post","status-publish","format-standard","has-post-thumbnail","hentry","category-sense-categoria"],"acf":[],"yoast_head":"<!-- This site is optimized with the Yoast SEO plugin v27.4 - https:\/\/yoast.com\/product\/yoast-seo-wordpress\/ -->\n<title>Per qu\u00e8 l&#039;embalatge pot fallar sense una protecci\u00f3 embuatada adequada | COEMMO<\/title>\n<meta name=\"description\" content=\"Un embalatge sense la protecci\u00f3 interna adequada, com ara escuma o materials d\u2019amortiment, pot no ser suficient per protegir un producte.\" \/>\n<meta name=\"robots\" content=\"index, follow, max-snippet:-1, max-image-preview:large, max-video-preview:-1\" \/>\n<link rel=\"canonical\" href=\"https:\/\/www.coemmo.com\/ca\/per-que-lembalatge-pot-fallar-sense-una-proteccio-embuatada-adequada\/\" \/>\n<meta property=\"og:locale\" content=\"ca_ES\" \/>\n<meta property=\"og:type\" content=\"article\" \/>\n<meta property=\"og:title\" content=\"Per qu\u00e8 l&#039;embalatge pot fallar sense una protecci\u00f3 embuatada adequada | COEMMO\" \/>\n<meta property=\"og:description\" content=\"Un embalatge sense la protecci\u00f3 interna adequada, com ara escuma o materials d\u2019amortiment, pot no ser suficient per protegir un producte.\" \/>\n<meta property=\"og:url\" content=\"https:\/\/www.coemmo.com\/ca\/per-que-lembalatge-pot-fallar-sense-una-proteccio-embuatada-adequada\/\" \/>\n<meta property=\"og:site_name\" content=\"COEMMO\" \/>\n<meta property=\"article:published_time\" content=\"2026-01-19T08:23:23+00:00\" \/>\n<meta property=\"article:modified_time\" content=\"2026-03-05T10:24:29+00:00\" \/>\n<meta property=\"og:image\" content=\"https:\/\/www.coemmo.com\/wp-content\/uploads\/2025\/06\/embalaje-proteccion-adecuada.jpg\" \/>\n\t<meta property=\"og:image:width\" content=\"1500\" \/>\n\t<meta property=\"og:image:height\" content=\"1000\" \/>\n\t<meta property=\"og:image:type\" content=\"image\/jpeg\" \/>\n<meta name=\"author\" content=\"Comunicaci\u00f3 Integral Neorg\" \/>\n<meta name=\"twitter:card\" content=\"summary_large_image\" \/>\n<meta name=\"twitter:label1\" content=\"Escrit per\" \/>\n\t<meta name=\"twitter:data1\" content=\"Comunicaci\u00f3 Integral Neorg\" \/>\n\t<meta name=\"twitter:label2\" content=\"Temps estimat de lectura\" \/>\n\t<meta name=\"twitter:data2\" content=\"2 minut\" \/>\n<script type=\"application\/ld+json\" class=\"yoast-schema-graph\">{\"@context\":\"https:\\\/\\\/schema.org\",\"@graph\":[{\"@type\":\"Article\",\"@id\":\"https:\\\/\\\/www.coemmo.com\\\/ca\\\/per-que-lembalatge-pot-fallar-sense-una-proteccio-embuatada-adequada\\\/#article\",\"isPartOf\":{\"@id\":\"https:\\\/\\\/www.coemmo.com\\\/ca\\\/per-que-lembalatge-pot-fallar-sense-una-proteccio-embuatada-adequada\\\/\"},\"author\":{\"name\":\"Comunicaci\u00f3 Integral Neorg\",\"@id\":\"https:\\\/\\\/www.coemmo.com\\\/ca\\\/#\\\/schema\\\/person\\\/704009a1f2a34e672c7699c09c1f7762\"},\"headline\":\"Per qu\u00e8 l&#8217;embalatge pot fallar sense una protecci\u00f3 embuatada adequada\",\"datePublished\":\"2026-01-19T08:23:23+00:00\",\"dateModified\":\"2026-03-05T10:24:29+00:00\",\"mainEntityOfPage\":{\"@id\":\"https:\\\/\\\/www.coemmo.com\\\/ca\\\/per-que-lembalatge-pot-fallar-sense-una-proteccio-embuatada-adequada\\\/\"},\"wordCount\":293,\"publisher\":{\"@id\":\"https:\\\/\\\/www.coemmo.com\\\/ca\\\/#organization\"},\"image\":{\"@id\":\"https:\\\/\\\/www.coemmo.com\\\/ca\\\/per-que-lembalatge-pot-fallar-sense-una-proteccio-embuatada-adequada\\\/#primaryimage\"},\"thumbnailUrl\":\"https:\\\/\\\/www.coemmo.com\\\/wp-content\\\/uploads\\\/2025\\\/06\\\/embalaje-proteccion-adecuada.jpg\",\"inLanguage\":\"ca\"},{\"@type\":\"WebPage\",\"@id\":\"https:\\\/\\\/www.coemmo.com\\\/ca\\\/per-que-lembalatge-pot-fallar-sense-una-proteccio-embuatada-adequada\\\/\",\"url\":\"https:\\\/\\\/www.coemmo.com\\\/ca\\\/per-que-lembalatge-pot-fallar-sense-una-proteccio-embuatada-adequada\\\/\",\"name\":\"Per qu\u00e8 l'embalatge pot fallar sense una protecci\u00f3 embuatada adequada | COEMMO\",\"isPartOf\":{\"@id\":\"https:\\\/\\\/www.coemmo.com\\\/ca\\\/#website\"},\"primaryImageOfPage\":{\"@id\":\"https:\\\/\\\/www.coemmo.com\\\/ca\\\/per-que-lembalatge-pot-fallar-sense-una-proteccio-embuatada-adequada\\\/#primaryimage\"},\"image\":{\"@id\":\"https:\\\/\\\/www.coemmo.com\\\/ca\\\/per-que-lembalatge-pot-fallar-sense-una-proteccio-embuatada-adequada\\\/#primaryimage\"},\"thumbnailUrl\":\"https:\\\/\\\/www.coemmo.com\\\/wp-content\\\/uploads\\\/2025\\\/06\\\/embalaje-proteccion-adecuada.jpg\",\"datePublished\":\"2026-01-19T08:23:23+00:00\",\"dateModified\":\"2026-03-05T10:24:29+00:00\",\"description\":\"Un embalatge sense la protecci\u00f3 interna adequada, com ara escuma o materials d\u2019amortiment, pot no ser suficient per protegir un producte.\",\"breadcrumb\":{\"@id\":\"https:\\\/\\\/www.coemmo.com\\\/ca\\\/per-que-lembalatge-pot-fallar-sense-una-proteccio-embuatada-adequada\\\/#breadcrumb\"},\"inLanguage\":\"ca\",\"potentialAction\":[{\"@type\":\"ReadAction\",\"target\":[\"https:\\\/\\\/www.coemmo.com\\\/ca\\\/per-que-lembalatge-pot-fallar-sense-una-proteccio-embuatada-adequada\\\/\"]}]},{\"@type\":\"ImageObject\",\"inLanguage\":\"ca\",\"@id\":\"https:\\\/\\\/www.coemmo.com\\\/ca\\\/per-que-lembalatge-pot-fallar-sense-una-proteccio-embuatada-adequada\\\/#primaryimage\",\"url\":\"https:\\\/\\\/www.coemmo.com\\\/wp-content\\\/uploads\\\/2025\\\/06\\\/embalaje-proteccion-adecuada.jpg\",\"contentUrl\":\"https:\\\/\\\/www.coemmo.com\\\/wp-content\\\/uploads\\\/2025\\\/06\\\/embalaje-proteccion-adecuada.jpg\",\"width\":1500,\"height\":1000,\"caption\":\"La import\u00e0ncia d'una protecci\u00f3 embuatada adequada per evitar fallades en l'embalatge.\"},{\"@type\":\"BreadcrumbList\",\"@id\":\"https:\\\/\\\/www.coemmo.com\\\/ca\\\/per-que-lembalatge-pot-fallar-sense-una-proteccio-embuatada-adequada\\\/#breadcrumb\",\"itemListElement\":[{\"@type\":\"ListItem\",\"position\":1,\"name\":\"Portada\",\"item\":\"https:\\\/\\\/www.coemmo.com\\\/ca\\\/\"},{\"@type\":\"ListItem\",\"position\":2,\"name\":\"Per qu\u00e8 l&#8217;embalatge pot fallar sense una protecci\u00f3 embuatada adequada\"}]},{\"@type\":\"WebSite\",\"@id\":\"https:\\\/\\\/www.coemmo.com\\\/ca\\\/#website\",\"url\":\"https:\\\/\\\/www.coemmo.com\\\/ca\\\/\",\"name\":\"COEMMO\",\"description\":\"Fabricamos soluciones de embalaje\",\"publisher\":{\"@id\":\"https:\\\/\\\/www.coemmo.com\\\/ca\\\/#organization\"},\"alternateName\":\"COEMMO Packaging\",\"potentialAction\":[{\"@type\":\"SearchAction\",\"target\":{\"@type\":\"EntryPoint\",\"urlTemplate\":\"https:\\\/\\\/www.coemmo.com\\\/ca\\\/?s={search_term_string}\"},\"query-input\":{\"@type\":\"PropertyValueSpecification\",\"valueRequired\":true,\"valueName\":\"search_term_string\"}}],\"inLanguage\":\"ca\"},{\"@type\":\"Organization\",\"@id\":\"https:\\\/\\\/www.coemmo.com\\\/ca\\\/#organization\",\"name\":\"COEMMO\",\"alternateName\":\"COEMMO Packaging\",\"url\":\"https:\\\/\\\/www.coemmo.com\\\/ca\\\/\",\"logo\":{\"@type\":\"ImageObject\",\"inLanguage\":\"ca\",\"@id\":\"https:\\\/\\\/www.coemmo.com\\\/ca\\\/#\\\/schema\\\/logo\\\/image\\\/\",\"url\":\"https:\\\/\\\/www.coemmo.com\\\/wp-content\\\/uploads\\\/2025\\\/06\\\/favicon.png\",\"contentUrl\":\"https:\\\/\\\/www.coemmo.com\\\/wp-content\\\/uploads\\\/2025\\\/06\\\/favicon.png\",\"width\":512,\"height\":512,\"caption\":\"COEMMO\"},\"image\":{\"@id\":\"https:\\\/\\\/www.coemmo.com\\\/ca\\\/#\\\/schema\\\/logo\\\/image\\\/\"},\"sameAs\":[\"https:\\\/\\\/www.linkedin.com\\\/company\\\/coemmo?originalSubdomain=es\"]},{\"@type\":\"Person\",\"@id\":\"https:\\\/\\\/www.coemmo.com\\\/ca\\\/#\\\/schema\\\/person\\\/704009a1f2a34e672c7699c09c1f7762\",\"name\":\"Comunicaci\u00f3 Integral Neorg\",\"image\":{\"@type\":\"ImageObject\",\"inLanguage\":\"ca\",\"@id\":\"https:\\\/\\\/secure.gravatar.com\\\/avatar\\\/709d3d8015183afa7401c02e2291a538cbfd4ffe62f4d86ce5f4871f22e86b09?s=96&d=mm&r=g\",\"url\":\"https:\\\/\\\/secure.gravatar.com\\\/avatar\\\/709d3d8015183afa7401c02e2291a538cbfd4ffe62f4d86ce5f4871f22e86b09?s=96&d=mm&r=g\",\"contentUrl\":\"https:\\\/\\\/secure.gravatar.com\\\/avatar\\\/709d3d8015183afa7401c02e2291a538cbfd4ffe62f4d86ce5f4871f22e86b09?s=96&d=mm&r=g\",\"caption\":\"Comunicaci\u00f3 Integral Neorg\"},\"sameAs\":[\"https:\\\/\\\/www.neorgsite.com\\\/\"]}]}<\/script>\n<!-- \/ Yoast SEO plugin. -->","yoast_head_json":{"title":"Per qu\u00e8 l'embalatge pot fallar sense una protecci\u00f3 embuatada adequada | COEMMO","description":"Un embalatge sense la protecci\u00f3 interna adequada, com ara escuma o materials d\u2019amortiment, pot no ser suficient per protegir un producte.","robots":{"index":"index","follow":"follow","max-snippet":"max-snippet:-1","max-image-preview":"max-image-preview:large","max-video-preview":"max-video-preview:-1"},"canonical":"https:\/\/www.coemmo.com\/ca\/per-que-lembalatge-pot-fallar-sense-una-proteccio-embuatada-adequada\/","og_locale":"ca_ES","og_type":"article","og_title":"Per qu\u00e8 l'embalatge pot fallar sense una protecci\u00f3 embuatada adequada | COEMMO","og_description":"Un embalatge sense la protecci\u00f3 interna adequada, com ara escuma o materials d\u2019amortiment, pot no ser suficient per protegir un producte.","og_url":"https:\/\/www.coemmo.com\/ca\/per-que-lembalatge-pot-fallar-sense-una-proteccio-embuatada-adequada\/","og_site_name":"COEMMO","article_published_time":"2026-01-19T08:23:23+00:00","article_modified_time":"2026-03-05T10:24:29+00:00","og_image":[{"width":1500,"height":1000,"url":"https:\/\/www.coemmo.com\/wp-content\/uploads\/2025\/06\/embalaje-proteccion-adecuada.jpg","type":"image\/jpeg"}],"author":"Comunicaci\u00f3 Integral Neorg","twitter_card":"summary_large_image","twitter_misc":{"Escrit per":"Comunicaci\u00f3 Integral Neorg","Temps estimat de lectura":"2 minut"},"schema":{"@context":"https:\/\/schema.org","@graph":[{"@type":"Article","@id":"https:\/\/www.coemmo.com\/ca\/per-que-lembalatge-pot-fallar-sense-una-proteccio-embuatada-adequada\/#article","isPartOf":{"@id":"https:\/\/www.coemmo.com\/ca\/per-que-lembalatge-pot-fallar-sense-una-proteccio-embuatada-adequada\/"},"author":{"name":"Comunicaci\u00f3 Integral Neorg","@id":"https:\/\/www.coemmo.com\/ca\/#\/schema\/person\/704009a1f2a34e672c7699c09c1f7762"},"headline":"Per qu\u00e8 l&#8217;embalatge pot fallar sense una protecci\u00f3 embuatada adequada","datePublished":"2026-01-19T08:23:23+00:00","dateModified":"2026-03-05T10:24:29+00:00","mainEntityOfPage":{"@id":"https:\/\/www.coemmo.com\/ca\/per-que-lembalatge-pot-fallar-sense-una-proteccio-embuatada-adequada\/"},"wordCount":293,"publisher":{"@id":"https:\/\/www.coemmo.com\/ca\/#organization"},"image":{"@id":"https:\/\/www.coemmo.com\/ca\/per-que-lembalatge-pot-fallar-sense-una-proteccio-embuatada-adequada\/#primaryimage"},"thumbnailUrl":"https:\/\/www.coemmo.com\/wp-content\/uploads\/2025\/06\/embalaje-proteccion-adecuada.jpg","inLanguage":"ca"},{"@type":"WebPage","@id":"https:\/\/www.coemmo.com\/ca\/per-que-lembalatge-pot-fallar-sense-una-proteccio-embuatada-adequada\/","url":"https:\/\/www.coemmo.com\/ca\/per-que-lembalatge-pot-fallar-sense-una-proteccio-embuatada-adequada\/","name":"Per qu\u00e8 l'embalatge pot fallar sense una protecci\u00f3 embuatada adequada | COEMMO","isPartOf":{"@id":"https:\/\/www.coemmo.com\/ca\/#website"},"primaryImageOfPage":{"@id":"https:\/\/www.coemmo.com\/ca\/per-que-lembalatge-pot-fallar-sense-una-proteccio-embuatada-adequada\/#primaryimage"},"image":{"@id":"https:\/\/www.coemmo.com\/ca\/per-que-lembalatge-pot-fallar-sense-una-proteccio-embuatada-adequada\/#primaryimage"},"thumbnailUrl":"https:\/\/www.coemmo.com\/wp-content\/uploads\/2025\/06\/embalaje-proteccion-adecuada.jpg","datePublished":"2026-01-19T08:23:23+00:00","dateModified":"2026-03-05T10:24:29+00:00","description":"Un embalatge sense la protecci\u00f3 interna adequada, com ara escuma o materials d\u2019amortiment, pot no ser suficient per protegir un producte.","breadcrumb":{"@id":"https:\/\/www.coemmo.com\/ca\/per-que-lembalatge-pot-fallar-sense-una-proteccio-embuatada-adequada\/#breadcrumb"},"inLanguage":"ca","potentialAction":[{"@type":"ReadAction","target":["https:\/\/www.coemmo.com\/ca\/per-que-lembalatge-pot-fallar-sense-una-proteccio-embuatada-adequada\/"]}]},{"@type":"ImageObject","inLanguage":"ca","@id":"https:\/\/www.coemmo.com\/ca\/per-que-lembalatge-pot-fallar-sense-una-proteccio-embuatada-adequada\/#primaryimage","url":"https:\/\/www.coemmo.com\/wp-content\/uploads\/2025\/06\/embalaje-proteccion-adecuada.jpg","contentUrl":"https:\/\/www.coemmo.com\/wp-content\/uploads\/2025\/06\/embalaje-proteccion-adecuada.jpg","width":1500,"height":1000,"caption":"La import\u00e0ncia d'una protecci\u00f3 embuatada adequada per evitar fallades en l'embalatge."},{"@type":"BreadcrumbList","@id":"https:\/\/www.coemmo.com\/ca\/per-que-lembalatge-pot-fallar-sense-una-proteccio-embuatada-adequada\/#breadcrumb","itemListElement":[{"@type":"ListItem","position":1,"name":"Portada","item":"https:\/\/www.coemmo.com\/ca\/"},{"@type":"ListItem","position":2,"name":"Per qu\u00e8 l&#8217;embalatge pot fallar sense una protecci\u00f3 embuatada adequada"}]},{"@type":"WebSite","@id":"https:\/\/www.coemmo.com\/ca\/#website","url":"https:\/\/www.coemmo.com\/ca\/","name":"COEMMO","description":"Fabricamos soluciones de embalaje","publisher":{"@id":"https:\/\/www.coemmo.com\/ca\/#organization"},"alternateName":"COEMMO Packaging","potentialAction":[{"@type":"SearchAction","target":{"@type":"EntryPoint","urlTemplate":"https:\/\/www.coemmo.com\/ca\/?s={search_term_string}"},"query-input":{"@type":"PropertyValueSpecification","valueRequired":true,"valueName":"search_term_string"}}],"inLanguage":"ca"},{"@type":"Organization","@id":"https:\/\/www.coemmo.com\/ca\/#organization","name":"COEMMO","alternateName":"COEMMO Packaging","url":"https:\/\/www.coemmo.com\/ca\/","logo":{"@type":"ImageObject","inLanguage":"ca","@id":"https:\/\/www.coemmo.com\/ca\/#\/schema\/logo\/image\/","url":"https:\/\/www.coemmo.com\/wp-content\/uploads\/2025\/06\/favicon.png","contentUrl":"https:\/\/www.coemmo.com\/wp-content\/uploads\/2025\/06\/favicon.png","width":512,"height":512,"caption":"COEMMO"},"image":{"@id":"https:\/\/www.coemmo.com\/ca\/#\/schema\/logo\/image\/"},"sameAs":["https:\/\/www.linkedin.com\/company\/coemmo?originalSubdomain=es"]},{"@type":"Person","@id":"https:\/\/www.coemmo.com\/ca\/#\/schema\/person\/704009a1f2a34e672c7699c09c1f7762","name":"Comunicaci\u00f3 Integral Neorg","image":{"@type":"ImageObject","inLanguage":"ca","@id":"https:\/\/secure.gravatar.com\/avatar\/709d3d8015183afa7401c02e2291a538cbfd4ffe62f4d86ce5f4871f22e86b09?s=96&d=mm&r=g","url":"https:\/\/secure.gravatar.com\/avatar\/709d3d8015183afa7401c02e2291a538cbfd4ffe62f4d86ce5f4871f22e86b09?s=96&d=mm&r=g","contentUrl":"https:\/\/secure.gravatar.com\/avatar\/709d3d8015183afa7401c02e2291a538cbfd4ffe62f4d86ce5f4871f22e86b09?s=96&d=mm&r=g","caption":"Comunicaci\u00f3 Integral Neorg"},"sameAs":["https:\/\/www.neorgsite.com\/"]}]}},"_links":{"self":[{"href":"https:\/\/www.coemmo.com\/ca\/wp-json\/wp\/v2\/posts\/7926","targetHints":{"allow":["GET"]}}],"collection":[{"href":"https:\/\/www.coemmo.com\/ca\/wp-json\/wp\/v2\/posts"}],"about":[{"href":"https:\/\/www.coemmo.com\/ca\/wp-json\/wp\/v2\/types\/post"}],"author":[{"embeddable":true,"href":"https:\/\/www.coemmo.com\/ca\/wp-json\/wp\/v2\/users\/1"}],"replies":[{"embeddable":true,"href":"https:\/\/www.coemmo.com\/ca\/wp-json\/wp\/v2\/comments?post=7926"}],"version-history":[{"count":1,"href":"https:\/\/www.coemmo.com\/ca\/wp-json\/wp\/v2\/posts\/7926\/revisions"}],"predecessor-version":[{"id":9253,"href":"https:\/\/www.coemmo.com\/ca\/wp-json\/wp\/v2\/posts\/7926\/revisions\/9253"}],"wp:featuredmedia":[{"embeddable":true,"href":"https:\/\/www.coemmo.com\/ca\/wp-json\/wp\/v2\/media\/7927"}],"wp:attachment":[{"href":"https:\/\/www.coemmo.com\/ca\/wp-json\/wp\/v2\/media?parent=7926"}],"wp:term":[{"taxonomy":"category","embeddable":true,"href":"https:\/\/www.coemmo.com\/ca\/wp-json\/wp\/v2\/categories?post=7926"},{"taxonomy":"post_tag","embeddable":true,"href":"https:\/\/www.coemmo.com\/ca\/wp-json\/wp\/v2\/tags?post=7926"}],"curies":[{"name":"wp","href":"https:\/\/api.w.org\/{rel}","templated":true}]}}